{"id":22568,"date":"2026-03-07T12:43:00","date_gmt":"2026-03-07T12:43:00","guid":{"rendered":"https:\/\/www.abchukuk.com\/index.php\/2026\/03\/07\/ispanya-adalet-bakanindan-yusuf-dikec-paylasimi\/"},"modified":"2026-03-07T12:43:00","modified_gmt":"2026-03-07T12:43:00","slug":"ispanya-adalet-bakanindan-yusuf-dikec-paylasimi","status":"publish","type":"post","link":"https:\/\/www.abchukuk.com\/index.php\/2026\/03\/07\/ispanya-adalet-bakanindan-yusuf-dikec-paylasimi\/","title":{"rendered":"\u0130spanya Adalet Bakan\u0131&#8217;ndan &#8216;Yusuf Dike\u00e7&#8217; payla\u015f\u0131m\u0131!"},"content":{"rendered":"<p>\u0130spanya Adalet Bakan\u0131 Bola\u00f1os, bir sosyal medya kullan\u0131c\u0131s\u0131n\u0131n kendisini milli sporcu Yusuf Dike\u00e7&#8217;e benzetti\u011fi payla\u015f\u0131m\u0131n\u0131 al\u0131nt\u0131layarak, &#8220;Ayn\u0131 ki\u015fi olmad\u0131\u011f\u0131m\u0131z\u0131n garantisini veriyorum. T\u00fcrk dostlar\u0131m\u0131za kocaman bir kucak dolusu sevgiler&#8221; ifadesini kulland\u0131.\u0130spanya Adalet Bakan\u0131 Bola\u00f1os, bir sosyal medya kullan\u0131c\u0131s\u0131n\u0131n kendisini milli sporcu Yusuf Dike\u00e7&#8217;e benzetti\u011fi payla\u015f\u0131m\u0131n\u0131 al\u0131nt\u0131layarak, &#8220;Ayn\u0131 ki\u015fi olmad\u0131\u011f\u0131m\u0131z\u0131n garantisini veriyorum. T\u00fcrk dostlar\u0131m\u0131za kocaman bir kucak dolusu sevgiler&#8221; ifadesini kulland\u0131.\u00a0<a href=\"https:\/\/www.cumhuriyet.com.tr\/turkiye\/ispanya-adalet-bakani-ndan-yusuf-dikec-paylasimi-2484807\" target=\"_blank\" class=\"feedzy-rss-link-icon\">Read More<\/a><\/p>","protected":false},"excerpt":{"rendered":"<p>\u0130spanya Adalet Bakan\u0131 Bola\u00f1os, bir sosyal medya kullan\u0131c\u0131s\u0131n\u0131n kendisini milli sporcu Yusuf Dike\u00e7&#8217;e benzetti\u011fi payla\u015f\u0131m\u0131n\u0131 al\u0131nt\u0131layarak, &#8220;Ayn\u0131 ki\u015fi olmad\u0131\u011f\u0131m\u0131z\u0131n garantisini veriyorum. T\u00fcrk dostlar\u0131m\u0131za kocaman bir kucak dolusu sevgiler&#8221; ifadesini kulland\u0131.\u0130spanya Adalet Bakan\u0131 Bola\u00f1os, bir sosyal medya kullan\u0131c\u0131s\u0131n\u0131n kendisini milli sporcu Yusuf Dike\u00e7&#8217;e benzetti\u011fi payla\u015f\u0131m\u0131n\u0131 al\u0131nt\u0131layarak, &#8220;Ayn\u0131 ki\u015fi olmad\u0131\u011f\u0131m\u0131z\u0131n garantisini veriyorum. T\u00fcrk dostlar\u0131m\u0131za kocaman bir kucak [&hellip;]<\/p>\n","protected":false},"author":1,"featured_media":22569,"comment_status":"open","ping_status":"open","sticky":false,"template":"","format":"standard","meta":{"footnotes":"","_links_to":"","_links_to_target":""},"categories":[1],"tags":[],"class_list":["post-22568","post","type-post","status-publish","format-standard","has-post-thumbnail","hentry","category-haberler"],"_links":{"self":[{"href":"https:\/\/www.abchukuk.com\/index.php\/wp-json\/wp\/v2\/posts\/22568","targetHints":{"allow":["GET"]}}],"collection":[{"href":"https:\/\/www.abchukuk.com\/index.php\/wp-json\/wp\/v2\/posts"}],"about":[{"href":"https:\/\/www.abchukuk.com\/index.php\/wp-json\/wp\/v2\/types\/post"}],"author":[{"embeddable":true,"href":"https:\/\/www.abchukuk.com\/index.php\/wp-json\/wp\/v2\/users\/1"}],"replies":[{"embeddable":true,"href":"https:\/\/www.abchukuk.com\/index.php\/wp-json\/wp\/v2\/comments?post=22568"}],"version-history":[{"count":0,"href":"https:\/\/www.abchukuk.com\/index.php\/wp-json\/wp\/v2\/posts\/22568\/revisions"}],"wp:featuredmedia":[{"embeddable":true,"href":"https:\/\/www.abchukuk.com\/index.php\/wp-json\/wp\/v2\/media\/22569"}],"wp:attachment":[{"href":"https:\/\/www.abchukuk.com\/index.php\/wp-json\/wp\/v2\/media?parent=22568"}],"wp:term":[{"taxonomy":"category","embeddable":true,"href":"https:\/\/www.abchukuk.com\/index.php\/wp-json\/wp\/v2\/categories?post=22568"},{"taxonomy":"post_tag","embeddable":true,"href":"https:\/\/www.abchukuk.com\/index.php\/wp-json\/wp\/v2\/tags?post=22568"}],"curies":[{"name":"wp","href":"https:\/\/api.w.org\/{rel}","templated":true}]}}