{"id":22561,"date":"2026-03-07T10:13:00","date_gmt":"2026-03-07T10:13:00","guid":{"rendered":"https:\/\/www.abchukuk.com\/index.php\/2026\/03\/07\/resmi-gazetede-yayimlandi-erdogandan-16-bakanliga-ust-duzey-atamalar\/"},"modified":"2026-03-07T10:13:00","modified_gmt":"2026-03-07T10:13:00","slug":"resmi-gazetede-yayimlandi-erdogandan-16-bakanliga-ust-duzey-atamalar","status":"publish","type":"post","link":"https:\/\/www.abchukuk.com\/index.php\/2026\/03\/07\/resmi-gazetede-yayimlandi-erdogandan-16-bakanliga-ust-duzey-atamalar\/","title":{"rendered":"Resmi Gazete&#8217;de yay\u0131mland\u0131: Erdo\u011fan&#8217;dan 16 bakanl\u0131\u011fa \u00fcst d\u00fczey atamalar"},"content":{"rendered":"<p>AKP&#8217;li Cumhurba\u015fkan\u0131 Recep Tayyip Erdo\u011fan&#8217;\u0131n imzas\u0131yla yay\u0131mlanan kararlarla Milli E\u011fitim, K\u00fclt\u00fcr ve Turizm, Tar\u0131m ve Orman ile \u00e7e\u015fitli kurumlarda \u00e7ok say\u0131da atama ve g\u00f6revden alma ger\u00e7ekle\u015ftirildi.AKP&#8217;li Cumhurba\u015fkan\u0131 Recep Tayyip Erdo\u011fan&#8217;\u0131n imzas\u0131yla yay\u0131mlanan kararlarla Milli E\u011fitim, K\u00fclt\u00fcr ve Turizm, Tar\u0131m ve Orman ile \u00e7e\u015fitli kurumlarda \u00e7ok say\u0131da atama ve g\u00f6revden alma ger\u00e7ekle\u015ftirildi.\u00a0<a href=\"https:\/\/www.cumhuriyet.com.tr\/siyaset\/resmi-gazete-de-yayimlandi-erdogan-dan-16-bakanliga-ust-duzey-atamalar-2484773\" target=\"_blank\" class=\"feedzy-rss-link-icon\">Read More<\/a><\/p>","protected":false},"excerpt":{"rendered":"<p>AKP&#8217;li Cumhurba\u015fkan\u0131 Recep Tayyip Erdo\u011fan&#8217;\u0131n imzas\u0131yla yay\u0131mlanan kararlarla Milli E\u011fitim, K\u00fclt\u00fcr ve Turizm, Tar\u0131m ve Orman ile \u00e7e\u015fitli kurumlarda \u00e7ok say\u0131da atama ve g\u00f6revden alma ger\u00e7ekle\u015ftirildi.AKP&#8217;li Cumhurba\u015fkan\u0131 Recep Tayyip Erdo\u011fan&#8217;\u0131n imzas\u0131yla yay\u0131mlanan kararlarla Milli E\u011fitim, K\u00fclt\u00fcr ve Turizm, Tar\u0131m ve Orman ile \u00e7e\u015fitli kurumlarda \u00e7ok say\u0131da atama ve g\u00f6revden alma ger\u00e7ekle\u015ftirildi.\u00a0Read More<\/p>\n","protected":false},"author":1,"featured_media":22562,"comment_status":"open","ping_status":"open","sticky":false,"template":"","format":"standard","meta":{"footnotes":"","_links_to":"","_links_to_target":""},"categories":[1],"tags":[],"class_list":["post-22561","post","type-post","status-publish","format-standard","has-post-thumbnail","hentry","category-haberler"],"_links":{"self":[{"href":"https:\/\/www.abchukuk.com\/index.php\/wp-json\/wp\/v2\/posts\/22561","targetHints":{"allow":["GET"]}}],"collection":[{"href":"https:\/\/www.abchukuk.com\/index.php\/wp-json\/wp\/v2\/posts"}],"about":[{"href":"https:\/\/www.abchukuk.com\/index.php\/wp-json\/wp\/v2\/types\/post"}],"author":[{"embeddable":true,"href":"https:\/\/www.abchukuk.com\/index.php\/wp-json\/wp\/v2\/users\/1"}],"replies":[{"embeddable":true,"href":"https:\/\/www.abchukuk.com\/index.php\/wp-json\/wp\/v2\/comments?post=22561"}],"version-history":[{"count":0,"href":"https:\/\/www.abchukuk.com\/index.php\/wp-json\/wp\/v2\/posts\/22561\/revisions"}],"wp:featuredmedia":[{"embeddable":true,"href":"https:\/\/www.abchukuk.com\/index.php\/wp-json\/wp\/v2\/media\/22562"}],"wp:attachment":[{"href":"https:\/\/www.abchukuk.com\/index.php\/wp-json\/wp\/v2\/media?parent=22561"}],"wp:term":[{"taxonomy":"category","embeddable":true,"href":"https:\/\/www.abchukuk.com\/index.php\/wp-json\/wp\/v2\/categories?post=22561"},{"taxonomy":"post_tag","embeddable":true,"href":"https:\/\/www.abchukuk.com\/index.php\/wp-json\/wp\/v2\/tags?post=22561"}],"curies":[{"name":"wp","href":"https:\/\/api.w.org\/{rel}","templated":true}]}}