{"id":22368,"date":"2026-03-05T20:53:27","date_gmt":"2026-03-05T20:53:27","guid":{"rendered":"https:\/\/www.abchukuk.com\/index.php\/2026\/03\/05\/adalet-bakanligi-basin-musavirligi-gorevine-yakup-halit-bulut-atandi\/"},"modified":"2026-03-05T20:53:27","modified_gmt":"2026-03-05T20:53:27","slug":"adalet-bakanligi-basin-musavirligi-gorevine-yakup-halit-bulut-atandi","status":"publish","type":"post","link":"https:\/\/www.abchukuk.com\/index.php\/2026\/03\/05\/adalet-bakanligi-basin-musavirligi-gorevine-yakup-halit-bulut-atandi\/","title":{"rendered":"Adalet Bakanl\u0131\u011f\u0131 Bas\u0131n M\u00fc\u015favirli\u011fi g\u00f6revine Yakup Halit Bulut atand\u0131"},"content":{"rendered":"<p>Adalet Bakanl\u0131\u011f\u0131\u2019nda yeni bir g\u00f6revlendirme ger\u00e7ekle\u015ftirildi. Adalet Bakan\u0131 Ak\u0131n G\u00fcrlek\u2019in imzas\u0131yla Bas\u0131n M\u00fc\u015favirli\u011fi g\u00f6revine Yakup Halit Bulut getirildi. Yap\u0131lan g\u00f6revlendirme ile birlikte bakanl\u0131\u011f\u0131n bas\u0131n, medya ve kamuoyu ile ileti\u015fim faaliyetleri Yakup Halit Bulut taraf\u0131ndan y\u00fcr\u00fct\u00fclecek.<\/p>\n<p>YAKUP HALIT BULUT K\u0130MD\u0130R?<\/p>\n<p>Yakup Halit Bulut, 1977 y\u0131l\u0131nda G\u00fclnar\u2019de do\u011fdu. Ankara \u00dcniversitesi \u0130leti\u015fim Fak\u00fcltesi Radyo, Televizyon ve Sinema B\u00f6l\u00fcm\u00fc\u2019nden mezun olan Bulut, y\u00fcksek lisans\u0131n\u0131 T\u00fcrk Hava Kurumu \u00dcniversitesi Sosyal Bilimler Enstit\u00fcs\u00fc \u0130\u015fletme (MBA) program\u0131nda tamamlad\u0131. Meslek hayat\u0131na gazetecilikle ba\u015flayan Bulut; Yeni \u015eafak Gazetesi, TVNET, Star Gazetesi ve 24 TV\u2019de ba\u015fbakanl\u0131k ve parlamento muhabirli\u011fi yapt\u0131. Daha sonra kamu g\u00f6revine ge\u00e7erek Ba\u015fbakanl\u0131k, Ticaret Bakanl\u0131\u011f\u0131 ve Yurtd\u0131\u015f\u0131 T\u00fcrkler ve Akraba Topluluklar Ba\u015fkanl\u0131\u011f\u0131\u2019nda \u00e7e\u015fitli g\u00f6revlerde bulundu. Bulut, 2017\u20132018 y\u0131llar\u0131nda Ba\u015fbakan Yard\u0131mc\u0131s\u0131 Hakan \u00c7avu\u015fo\u011flu\u2019nun bas\u0131n m\u00fc\u015favirli\u011fini y\u00fcr\u00fctt\u00fc. 2021\u20132024 y\u0131llar\u0131 aras\u0131nda ise TBMM \u0130nsan Haklar\u0131n\u0131 \u0130nceleme Komisyonu Ba\u015fkan Dan\u0131\u015fman\u0131 olarak g\u00f6rev yapt\u0131. \u0130yi derecede \u0130ngilizce bilen Bulut, medya ve ileti\u015fim alan\u0131nda yay\u0131mlanm\u0131\u015f eserlerin de yazar\u0131d\u0131r.<\/p>\n<p>Adalet Bakan\u0131 Ak\u0131n G\u00fcrlek\u2019in onay\u0131yla Adalet Bakanl\u0131\u011f\u0131 Bas\u0131n M\u00fc\u015favirli\u011fi g\u00f6revine Yakup Halit Bulut atand\u0131.\u00a0<a href=\"https:\/\/www.son.tv\/adalet-bakanligi-basin-musavirligi-gorevine-yakup-halit-bulut-atandi\/\" target=\"_blank\" class=\"feedzy-rss-link-icon\">Read More<\/a><\/p>","protected":false},"excerpt":{"rendered":"<p>Adalet Bakanl\u0131\u011f\u0131\u2019nda yeni bir g\u00f6revlendirme ger\u00e7ekle\u015ftirildi. Adalet Bakan\u0131 Ak\u0131n G\u00fcrlek\u2019in imzas\u0131yla Bas\u0131n M\u00fc\u015favirli\u011fi g\u00f6revine Yakup Halit Bulut getirildi. Yap\u0131lan g\u00f6revlendirme ile birlikte bakanl\u0131\u011f\u0131n bas\u0131n, medya ve kamuoyu ile ileti\u015fim faaliyetleri Yakup Halit Bulut taraf\u0131ndan y\u00fcr\u00fct\u00fclecek. YAKUP HALIT BULUT K\u0130MD\u0130R? Yakup Halit Bulut, 1977 y\u0131l\u0131nda G\u00fclnar\u2019de do\u011fdu. Ankara \u00dcniversitesi \u0130leti\u015fim Fak\u00fcltesi Radyo, Televizyon ve Sinema B\u00f6l\u00fcm\u00fc\u2019nden [&hellip;]<\/p>\n","protected":false},"author":1,"featured_media":0,"comment_status":"open","ping_status":"open","sticky":false,"template":"","format":"standard","meta":{"footnotes":"","_links_to":"","_links_to_target":""},"categories":[1],"tags":[],"class_list":["post-22368","post","type-post","status-publish","format-standard","hentry","category-haberler"],"_links":{"self":[{"href":"https:\/\/www.abchukuk.com\/index.php\/wp-json\/wp\/v2\/posts\/22368","targetHints":{"allow":["GET"]}}],"collection":[{"href":"https:\/\/www.abchukuk.com\/index.php\/wp-json\/wp\/v2\/posts"}],"about":[{"href":"https:\/\/www.abchukuk.com\/index.php\/wp-json\/wp\/v2\/types\/post"}],"author":[{"embeddable":true,"href":"https:\/\/www.abchukuk.com\/index.php\/wp-json\/wp\/v2\/users\/1"}],"replies":[{"embeddable":true,"href":"https:\/\/www.abchukuk.com\/index.php\/wp-json\/wp\/v2\/comments?post=22368"}],"version-history":[{"count":0,"href":"https:\/\/www.abchukuk.com\/index.php\/wp-json\/wp\/v2\/posts\/22368\/revisions"}],"wp:attachment":[{"href":"https:\/\/www.abchukuk.com\/index.php\/wp-json\/wp\/v2\/media?parent=22368"}],"wp:term":[{"taxonomy":"category","embeddable":true,"href":"https:\/\/www.abchukuk.com\/index.php\/wp-json\/wp\/v2\/categories?post=22368"},{"taxonomy":"post_tag","embeddable":true,"href":"https:\/\/www.abchukuk.com\/index.php\/wp-json\/wp\/v2\/tags?post=22368"}],"curies":[{"name":"wp","href":"https:\/\/api.w.org\/{rel}","templated":true}]}}