{"id":21775,"date":"2026-02-27T01:00:00","date_gmt":"2026-02-27T01:00:00","guid":{"rendered":"https:\/\/www.abchukuk.com\/index.php\/2026\/02\/27\/vergi-haftasinda-adalet-vurgusu\/"},"modified":"2026-02-27T01:00:00","modified_gmt":"2026-02-27T01:00:00","slug":"vergi-haftasinda-adalet-vurgusu","status":"publish","type":"post","link":"https:\/\/www.abchukuk.com\/index.php\/2026\/02\/27\/vergi-haftasinda-adalet-vurgusu\/","title":{"rendered":"Vergi Haftas\u0131\u2019nda \u2018Adalet\u2019 vurgusu"},"content":{"rendered":"<p>Vergi Haftas\u0131\u2019nda \u2018adalet\u2019 kavram\u0131 bir kez daha g\u00fcndeme gelirken, \u0130zmir Mali M\u00fc\u015favirler Odas\u0131 Ba\u015fkan\u0131 Mehmet Kuzu, \u201cVergi sisteminin s\u00fcrd\u00fcr\u00fclebilir olmas\u0131 i\u00e7in yaln\u0131zca tahsilat\u0131n de\u011fil, adaletin de sa\u011flanmas\u0131 gerekir\u201d dedi.Vergi Haftas\u0131\u2019nda \u2018adalet\u2019 kavram\u0131 bir kez daha g\u00fcndeme gelirken, \u0130zmir Mali M\u00fc\u015favirler Odas\u0131 Ba\u015fkan\u0131 Mehmet Kuzu, \u201cVergi sisteminin s\u00fcrd\u00fcr\u00fclebilir olmas\u0131 i\u00e7in yaln\u0131zca tahsilat\u0131n de\u011fil, adaletin de sa\u011flanmas\u0131 gerekir\u201d dedi.\u00a0<a href=\"https:\/\/www.cumhuriyet.com.tr\/cumhuriyet-in-egesi\/vergi-haftasi-nda-adalet-vurgusu-2482355\" target=\"_blank\" class=\"feedzy-rss-link-icon\">Read More<\/a><\/p>","protected":false},"excerpt":{"rendered":"<p>Vergi Haftas\u0131\u2019nda \u2018adalet\u2019 kavram\u0131 bir kez daha g\u00fcndeme gelirken, \u0130zmir Mali M\u00fc\u015favirler Odas\u0131 Ba\u015fkan\u0131 Mehmet Kuzu, \u201cVergi sisteminin s\u00fcrd\u00fcr\u00fclebilir olmas\u0131 i\u00e7in yaln\u0131zca tahsilat\u0131n de\u011fil, adaletin de sa\u011flanmas\u0131 gerekir\u201d dedi.Vergi Haftas\u0131\u2019nda \u2018adalet\u2019 kavram\u0131 bir kez daha g\u00fcndeme gelirken, \u0130zmir Mali M\u00fc\u015favirler Odas\u0131 Ba\u015fkan\u0131 Mehmet Kuzu, \u201cVergi sisteminin s\u00fcrd\u00fcr\u00fclebilir olmas\u0131 i\u00e7in yaln\u0131zca tahsilat\u0131n de\u011fil, adaletin de sa\u011flanmas\u0131 [&hellip;]<\/p>\n","protected":false},"author":1,"featured_media":21776,"comment_status":"open","ping_status":"open","sticky":false,"template":"","format":"standard","meta":{"footnotes":"","_links_to":"","_links_to_target":""},"categories":[1],"tags":[],"class_list":["post-21775","post","type-post","status-publish","format-standard","has-post-thumbnail","hentry","category-haberler"],"_links":{"self":[{"href":"https:\/\/www.abchukuk.com\/index.php\/wp-json\/wp\/v2\/posts\/21775","targetHints":{"allow":["GET"]}}],"collection":[{"href":"https:\/\/www.abchukuk.com\/index.php\/wp-json\/wp\/v2\/posts"}],"about":[{"href":"https:\/\/www.abchukuk.com\/index.php\/wp-json\/wp\/v2\/types\/post"}],"author":[{"embeddable":true,"href":"https:\/\/www.abchukuk.com\/index.php\/wp-json\/wp\/v2\/users\/1"}],"replies":[{"embeddable":true,"href":"https:\/\/www.abchukuk.com\/index.php\/wp-json\/wp\/v2\/comments?post=21775"}],"version-history":[{"count":0,"href":"https:\/\/www.abchukuk.com\/index.php\/wp-json\/wp\/v2\/posts\/21775\/revisions"}],"wp:featuredmedia":[{"embeddable":true,"href":"https:\/\/www.abchukuk.com\/index.php\/wp-json\/wp\/v2\/media\/21776"}],"wp:attachment":[{"href":"https:\/\/www.abchukuk.com\/index.php\/wp-json\/wp\/v2\/media?parent=21775"}],"wp:term":[{"taxonomy":"category","embeddable":true,"href":"https:\/\/www.abchukuk.com\/index.php\/wp-json\/wp\/v2\/categories?post=21775"},{"taxonomy":"post_tag","embeddable":true,"href":"https:\/\/www.abchukuk.com\/index.php\/wp-json\/wp\/v2\/tags?post=21775"}],"curies":[{"name":"wp","href":"https:\/\/api.w.org\/{rel}","templated":true}]}}