{"id":21194,"date":"2026-02-20T16:19:00","date_gmt":"2026-02-20T16:19:00","guid":{"rendered":"https:\/\/www.abchukuk.com\/index.php\/2026\/02\/20\/hatayli-avukatlardan-ekrem-imamoglu-ve-can-atalaya-ziyaret-imamoglu-mucadelenizde-her-zaman-yaninizda-olacagim\/"},"modified":"2026-02-20T16:19:00","modified_gmt":"2026-02-20T16:19:00","slug":"hatayli-avukatlardan-ekrem-imamoglu-ve-can-atalaya-ziyaret-imamoglu-mucadelenizde-her-zaman-yaninizda-olacagim","status":"publish","type":"post","link":"https:\/\/www.abchukuk.com\/index.php\/2026\/02\/20\/hatayli-avukatlardan-ekrem-imamoglu-ve-can-atalaya-ziyaret-imamoglu-mucadelenizde-her-zaman-yaninizda-olacagim\/","title":{"rendered":"Hatayl\u0131 avukatlardan Ekrem \u0130mamo\u011flu ve Can Atalay&#8217;a ziyaret&#8230; \u0130mamo\u011flu: M\u00fccadelenizde her zaman yan\u0131n\u0131zda olaca\u011f\u0131m"},"content":{"rendered":"<p>Hatayl\u0131 avukatlar, Marmara Cezaevi&#8217;nde tutuklu bulunan CHP&#8217;nin cumhurba\u015fkan\u0131 aday\u0131 Ekrem \u0130mamo\u011flu ile milletvekilli\u011fi d\u00fc\u015f\u00fcr\u00fclen Can Atalay&#8217;\u0131 ziyaret etti. \u0130mamo\u011flu ve Atalay da depremde yak\u0131nlar\u0131n\u0131 kaybeden ailelere dayan\u0131\u015fma mesaj\u0131 g\u00f6nderdi. Cezaevi \u00f6n\u00fcnde konu\u015fan avukat Eren Can, &#8220;Depremde hayat\u0131n\u0131 kaybeden t\u00fcm yurtta\u015flara ba\u015fsa\u011fl\u0131\u011f\u0131 dileklerini sundular. Onlar\u0131n adalet m\u00fccadelesinde yanlar\u0131nda olduklar\u0131n\u0131, davalar\u0131nda yanlar\u0131nda olduklar\u0131n\u0131 ilettiler&#8221; dedi.Hatayl\u0131 avukatlar, Marmara Cezaevi&#8217;nde tutuklu bulunan CHP&#8217;nin cumhurba\u015fkan\u0131 aday\u0131 Ekrem \u0130mamo\u011flu ile milletvekilli\u011fi d\u00fc\u015f\u00fcr\u00fclen Can Atalay&#8217;\u0131 ziyaret etti. \u0130mamo\u011flu ve Atalay da depremde yak\u0131nlar\u0131n\u0131 kaybeden ailelere dayan\u0131\u015fma mesaj\u0131 g\u00f6nderdi. Cezaevi \u00f6n\u00fcnde konu\u015fan avukat Eren Can, &#8220;Depremde hayat\u0131n\u0131 kaybeden t\u00fcm yurtta\u015flara ba\u015fsa\u011fl\u0131\u011f\u0131 dileklerini sundular. Onlar\u0131n adalet m\u00fccadelesinde yanlar\u0131nda olduklar\u0131n\u0131, davalar\u0131nda yanlar\u0131nda olduklar\u0131n\u0131 ilettiler&#8221; dedi.\u00a0<a href=\"https:\/\/www.cumhuriyet.com.tr\/turkiye\/hatayli-avukatlardan-ekrem-imamoglu-ve-can-atalay-a-ziyaret-imamoglu-mucadelenizde-her-zaman-yaninizda-olacagim-2480666\" target=\"_blank\" class=\"feedzy-rss-link-icon\">Read More<\/a><\/p>","protected":false},"excerpt":{"rendered":"<p>Hatayl\u0131 avukatlar, Marmara Cezaevi&#8217;nde tutuklu bulunan CHP&#8217;nin cumhurba\u015fkan\u0131 aday\u0131 Ekrem \u0130mamo\u011flu ile milletvekilli\u011fi d\u00fc\u015f\u00fcr\u00fclen Can Atalay&#8217;\u0131 ziyaret etti. \u0130mamo\u011flu ve Atalay da depremde yak\u0131nlar\u0131n\u0131 kaybeden ailelere dayan\u0131\u015fma mesaj\u0131 g\u00f6nderdi. Cezaevi \u00f6n\u00fcnde konu\u015fan avukat Eren Can, &#8220;Depremde hayat\u0131n\u0131 kaybeden t\u00fcm yurtta\u015flara ba\u015fsa\u011fl\u0131\u011f\u0131 dileklerini sundular. Onlar\u0131n adalet m\u00fccadelesinde yanlar\u0131nda olduklar\u0131n\u0131, davalar\u0131nda yanlar\u0131nda olduklar\u0131n\u0131 ilettiler&#8221; dedi.Hatayl\u0131 avukatlar, Marmara [&hellip;]<\/p>\n","protected":false},"author":1,"featured_media":21195,"comment_status":"open","ping_status":"open","sticky":false,"template":"","format":"standard","meta":{"footnotes":"","_links_to":"","_links_to_target":""},"categories":[1],"tags":[],"class_list":["post-21194","post","type-post","status-publish","format-standard","has-post-thumbnail","hentry","category-haberler"],"_links":{"self":[{"href":"https:\/\/www.abchukuk.com\/index.php\/wp-json\/wp\/v2\/posts\/21194","targetHints":{"allow":["GET"]}}],"collection":[{"href":"https:\/\/www.abchukuk.com\/index.php\/wp-json\/wp\/v2\/posts"}],"about":[{"href":"https:\/\/www.abchukuk.com\/index.php\/wp-json\/wp\/v2\/types\/post"}],"author":[{"embeddable":true,"href":"https:\/\/www.abchukuk.com\/index.php\/wp-json\/wp\/v2\/users\/1"}],"replies":[{"embeddable":true,"href":"https:\/\/www.abchukuk.com\/index.php\/wp-json\/wp\/v2\/comments?post=21194"}],"version-history":[{"count":0,"href":"https:\/\/www.abchukuk.com\/index.php\/wp-json\/wp\/v2\/posts\/21194\/revisions"}],"wp:featuredmedia":[{"embeddable":true,"href":"https:\/\/www.abchukuk.com\/index.php\/wp-json\/wp\/v2\/media\/21195"}],"wp:attachment":[{"href":"https:\/\/www.abchukuk.com\/index.php\/wp-json\/wp\/v2\/media?parent=21194"}],"wp:term":[{"taxonomy":"category","embeddable":true,"href":"https:\/\/www.abchukuk.com\/index.php\/wp-json\/wp\/v2\/categories?post=21194"},{"taxonomy":"post_tag","embeddable":true,"href":"https:\/\/www.abchukuk.com\/index.php\/wp-json\/wp\/v2\/tags?post=21194"}],"curies":[{"name":"wp","href":"https:\/\/api.w.org\/{rel}","templated":true}]}}