{"id":21188,"date":"2026-02-20T13:43:00","date_gmt":"2026-02-20T13:43:00","guid":{"rendered":"https:\/\/www.abchukuk.com\/index.php\/2026\/02\/20\/ilerici-kurumlar-mebin-ramazan-genelgesi-nedeniyle-bakan-yusuf-tekinin-yargilanmasi-icin-suc-duyurusunda-bulundu\/"},"modified":"2026-02-20T13:43:00","modified_gmt":"2026-02-20T13:43:00","slug":"ilerici-kurumlar-mebin-ramazan-genelgesi-nedeniyle-bakan-yusuf-tekinin-yargilanmasi-icin-suc-duyurusunda-bulundu","status":"publish","type":"post","link":"https:\/\/www.abchukuk.com\/index.php\/2026\/02\/20\/ilerici-kurumlar-mebin-ramazan-genelgesi-nedeniyle-bakan-yusuf-tekinin-yargilanmasi-icin-suc-duyurusunda-bulundu\/","title":{"rendered":"\u0130lerici kurumlar MEB\u2019in Ramazan Genelgesi nedeniyle Bakan Yusuf Tekin\u2019in yarg\u0131lanmas\u0131 i\u00e7in su\u00e7 duyurusunda bulundu"},"content":{"rendered":"<p>Atat\u00fcrk\u00e7\u00fc D\u00fc\u015f\u00fcnce Derne\u011fi (ADD) ve Laiklik Meclisi ayr\u0131 ayr\u0131 olarak MEB\u2019in yay\u0131mlad\u0131\u011f\u0131 Ramazan Genelgesi nedeniyle Bakan Yusuf Tekin hakk\u0131nda yarg\u0131lanmas\u0131 talebiyle \u201canayasay\u0131 ihlal\u201d ve \u201cg\u00f6revi k\u00f6t\u00fcye kullanma\u201d iddias\u0131yla su\u00e7 duyurusunda bulundu.Atat\u00fcrk\u00e7\u00fc D\u00fc\u015f\u00fcnce Derne\u011fi (ADD) ve Laiklik Meclisi ayr\u0131 ayr\u0131 olarak MEB\u2019in yay\u0131mlad\u0131\u011f\u0131 Ramazan Genelgesi nedeniyle Bakan Yusuf Tekin hakk\u0131nda yarg\u0131lanmas\u0131 talebiyle \u201canayasay\u0131 ihlal\u201d ve \u201cg\u00f6revi k\u00f6t\u00fcye kullanma\u201d iddias\u0131yla su\u00e7 duyurusunda bulundu.\u00a0<a href=\"https:\/\/www.cumhuriyet.com.tr\/turkiye\/ilerici-kurumlar-meb-in-ramazan-genelgesi-nedeniyle-bakan-yusuf-tekin-in-yargilanmasi-icin-suc-duyurusunda-bulundu-2480628\" target=\"_blank\" class=\"feedzy-rss-link-icon\">Read More<\/a><\/p>","protected":false},"excerpt":{"rendered":"<p>Atat\u00fcrk\u00e7\u00fc D\u00fc\u015f\u00fcnce Derne\u011fi (ADD) ve Laiklik Meclisi ayr\u0131 ayr\u0131 olarak MEB\u2019in yay\u0131mlad\u0131\u011f\u0131 Ramazan Genelgesi nedeniyle Bakan Yusuf Tekin hakk\u0131nda yarg\u0131lanmas\u0131 talebiyle \u201canayasay\u0131 ihlal\u201d ve \u201cg\u00f6revi k\u00f6t\u00fcye kullanma\u201d iddias\u0131yla su\u00e7 duyurusunda bulundu.Atat\u00fcrk\u00e7\u00fc D\u00fc\u015f\u00fcnce Derne\u011fi (ADD) ve Laiklik Meclisi ayr\u0131 ayr\u0131 olarak MEB\u2019in yay\u0131mlad\u0131\u011f\u0131 Ramazan Genelgesi nedeniyle Bakan Yusuf Tekin hakk\u0131nda yarg\u0131lanmas\u0131 talebiyle \u201canayasay\u0131 ihlal\u201d ve \u201cg\u00f6revi [&hellip;]<\/p>\n","protected":false},"author":1,"featured_media":21189,"comment_status":"open","ping_status":"open","sticky":false,"template":"","format":"standard","meta":{"footnotes":"","_links_to":"","_links_to_target":""},"categories":[1],"tags":[],"class_list":["post-21188","post","type-post","status-publish","format-standard","has-post-thumbnail","hentry","category-haberler"],"_links":{"self":[{"href":"https:\/\/www.abchukuk.com\/index.php\/wp-json\/wp\/v2\/posts\/21188","targetHints":{"allow":["GET"]}}],"collection":[{"href":"https:\/\/www.abchukuk.com\/index.php\/wp-json\/wp\/v2\/posts"}],"about":[{"href":"https:\/\/www.abchukuk.com\/index.php\/wp-json\/wp\/v2\/types\/post"}],"author":[{"embeddable":true,"href":"https:\/\/www.abchukuk.com\/index.php\/wp-json\/wp\/v2\/users\/1"}],"replies":[{"embeddable":true,"href":"https:\/\/www.abchukuk.com\/index.php\/wp-json\/wp\/v2\/comments?post=21188"}],"version-history":[{"count":0,"href":"https:\/\/www.abchukuk.com\/index.php\/wp-json\/wp\/v2\/posts\/21188\/revisions"}],"wp:featuredmedia":[{"embeddable":true,"href":"https:\/\/www.abchukuk.com\/index.php\/wp-json\/wp\/v2\/media\/21189"}],"wp:attachment":[{"href":"https:\/\/www.abchukuk.com\/index.php\/wp-json\/wp\/v2\/media?parent=21188"}],"wp:term":[{"taxonomy":"category","embeddable":true,"href":"https:\/\/www.abchukuk.com\/index.php\/wp-json\/wp\/v2\/categories?post=21188"},{"taxonomy":"post_tag","embeddable":true,"href":"https:\/\/www.abchukuk.com\/index.php\/wp-json\/wp\/v2\/tags?post=21188"}],"curies":[{"name":"wp","href":"https:\/\/api.w.org\/{rel}","templated":true}]}}