{"id":21186,"date":"2026-02-20T14:14:00","date_gmt":"2026-02-20T14:14:00","guid":{"rendered":"https:\/\/www.abchukuk.com\/index.php\/2026\/02\/20\/chpli-durmaz-emekli-ciftci-icin-otv-muafi-getiren-kanun-teklifini-tbmmye-sundu\/"},"modified":"2026-02-20T14:14:00","modified_gmt":"2026-02-20T14:14:00","slug":"chpli-durmaz-emekli-ciftci-icin-otv-muafi-getiren-kanun-teklifini-tbmmye-sundu","status":"publish","type":"post","link":"https:\/\/www.abchukuk.com\/index.php\/2026\/02\/20\/chpli-durmaz-emekli-ciftci-icin-otv-muafi-getiren-kanun-teklifini-tbmmye-sundu\/","title":{"rendered":"CHP&#8217;li Durmaz, emekli \u00e7ift\u00e7i i\u00e7in \u00d6TV muaf\u0131 getiren kanun teklifini TBMM&#8217;ye sundu"},"content":{"rendered":"<p>CHP Tokat Milletvekili Kadim Durmaz, \u00c7ift\u00e7i Kay\u0131t Sisteminde (\u00c7KS) en az 10 y\u0131l kay\u0131tl\u0131 olup tar\u0131m Ba\u011f-Kur kapsam\u0131nda emekli olan \u00e7ift\u00e7ilere, emeklilikten itibaren 5 y\u0131l i\u00e7inde bir defaya mahsus \u00d6TV muafiyeti getiren kanun teklifini TBMM Ba\u015fkanl\u0131\u011f\u0131\u2019na sundu.CHP Tokat Milletvekili Kadim Durmaz, \u00c7ift\u00e7i Kay\u0131t Sisteminde (\u00c7KS) en az 10 y\u0131l kay\u0131tl\u0131 olup tar\u0131m Ba\u011f-Kur kapsam\u0131nda emekli olan \u00e7ift\u00e7ilere, emeklilikten itibaren 5 y\u0131l i\u00e7inde bir defaya mahsus \u00d6TV muafiyeti getiren kanun teklifini TBMM Ba\u015fkanl\u0131\u011f\u0131\u2019na sundu.\u00a0<a href=\"https:\/\/www.cumhuriyet.com.tr\/turkiye\/chp-li-durmaz-emekli-ciftci-icin-otv-muafi-getiren-kanun-teklifini-tbmm-ye-sundu-2480582\" target=\"_blank\" class=\"feedzy-rss-link-icon\">Read More<\/a><\/p>","protected":false},"excerpt":{"rendered":"<p>CHP Tokat Milletvekili Kadim Durmaz, \u00c7ift\u00e7i Kay\u0131t Sisteminde (\u00c7KS) en az 10 y\u0131l kay\u0131tl\u0131 olup tar\u0131m Ba\u011f-Kur kapsam\u0131nda emekli olan \u00e7ift\u00e7ilere, emeklilikten itibaren 5 y\u0131l i\u00e7inde bir defaya mahsus \u00d6TV muafiyeti getiren kanun teklifini TBMM Ba\u015fkanl\u0131\u011f\u0131\u2019na sundu.CHP Tokat Milletvekili Kadim Durmaz, \u00c7ift\u00e7i Kay\u0131t Sisteminde (\u00c7KS) en az 10 y\u0131l kay\u0131tl\u0131 olup tar\u0131m Ba\u011f-Kur kapsam\u0131nda emekli [&hellip;]<\/p>\n","protected":false},"author":1,"featured_media":21187,"comment_status":"open","ping_status":"open","sticky":false,"template":"","format":"standard","meta":{"footnotes":"","_links_to":"","_links_to_target":""},"categories":[1],"tags":[],"class_list":["post-21186","post","type-post","status-publish","format-standard","has-post-thumbnail","hentry","category-haberler"],"_links":{"self":[{"href":"https:\/\/www.abchukuk.com\/index.php\/wp-json\/wp\/v2\/posts\/21186","targetHints":{"allow":["GET"]}}],"collection":[{"href":"https:\/\/www.abchukuk.com\/index.php\/wp-json\/wp\/v2\/posts"}],"about":[{"href":"https:\/\/www.abchukuk.com\/index.php\/wp-json\/wp\/v2\/types\/post"}],"author":[{"embeddable":true,"href":"https:\/\/www.abchukuk.com\/index.php\/wp-json\/wp\/v2\/users\/1"}],"replies":[{"embeddable":true,"href":"https:\/\/www.abchukuk.com\/index.php\/wp-json\/wp\/v2\/comments?post=21186"}],"version-history":[{"count":0,"href":"https:\/\/www.abchukuk.com\/index.php\/wp-json\/wp\/v2\/posts\/21186\/revisions"}],"wp:featuredmedia":[{"embeddable":true,"href":"https:\/\/www.abchukuk.com\/index.php\/wp-json\/wp\/v2\/media\/21187"}],"wp:attachment":[{"href":"https:\/\/www.abchukuk.com\/index.php\/wp-json\/wp\/v2\/media?parent=21186"}],"wp:term":[{"taxonomy":"category","embeddable":true,"href":"https:\/\/www.abchukuk.com\/index.php\/wp-json\/wp\/v2\/categories?post=21186"},{"taxonomy":"post_tag","embeddable":true,"href":"https:\/\/www.abchukuk.com\/index.php\/wp-json\/wp\/v2\/tags?post=21186"}],"curies":[{"name":"wp","href":"https:\/\/api.w.org\/{rel}","templated":true}]}}