{"id":21168,"date":"2026-02-20T12:40:00","date_gmt":"2026-02-20T12:40:00","guid":{"rendered":"https:\/\/www.abchukuk.com\/index.php\/2026\/02\/20\/mansur-yavastan-gazeteci-alican-uludagin-tutuklanmasina-tepki-istanbul-cumhuriyet-bassavciligi-ayrintisi\/"},"modified":"2026-02-20T12:40:00","modified_gmt":"2026-02-20T12:40:00","slug":"mansur-yavastan-gazeteci-alican-uludagin-tutuklanmasina-tepki-istanbul-cumhuriyet-bassavciligi-ayrintisi","status":"publish","type":"post","link":"https:\/\/www.abchukuk.com\/index.php\/2026\/02\/20\/mansur-yavastan-gazeteci-alican-uludagin-tutuklanmasina-tepki-istanbul-cumhuriyet-bassavciligi-ayrintisi\/","title":{"rendered":"Mansur Yava\u015f&#8217;tan, gazeteci Alican Uluda\u011f&#8217;\u0131n tutuklanmas\u0131na tepki: &#8216;\u0130stanbul Cumhuriyet Ba\u015fsavc\u0131l\u0131\u011f\u0131&#8217; ayr\u0131nt\u0131s\u0131!"},"content":{"rendered":"<p>ABB Ba\u015fkan\u0131 Mansur Yava\u015f, gazeteci Alican Uluda\u011f&#8217;\u0131n tutuklanmas\u0131na sosyal medyadan yapt\u0131\u011f\u0131 payla\u015f\u0131mla tepki g\u00f6sterdi. Yava\u015f, &#8220;Uluda\u011f, Ankara\u2019da ikamet etmekte, sosyal medya payla\u015f\u0131mlar\u0131n\u0131 da Ankara\u2019dan yapmaktad\u0131r. Buna ra\u011fmen s\u00fcrecin \u0130stanbul Cumhuriyet Ba\u015fsavc\u0131l\u0131\u011f\u0131 taraf\u0131ndan y\u00fcr\u00fct\u00fclmesi soru i\u015faretleri do\u011furmu\u015ftur&#8221; dedi.ABB Ba\u015fkan\u0131 Mansur Yava\u015f, gazeteci Alican Uluda\u011f&#8217;\u0131n tutuklanmas\u0131na sosyal medyadan yapt\u0131\u011f\u0131 payla\u015f\u0131mla tepki g\u00f6sterdi. Yava\u015f, &#8220;Uluda\u011f, Ankara\u2019da ikamet etmekte, sosyal medya payla\u015f\u0131mlar\u0131n\u0131 da Ankara\u2019dan yapmaktad\u0131r. Buna ra\u011fmen s\u00fcrecin \u0130stanbul Cumhuriyet Ba\u015fsavc\u0131l\u0131\u011f\u0131 taraf\u0131ndan y\u00fcr\u00fct\u00fclmesi soru i\u015faretleri do\u011furmu\u015ftur&#8221; dedi.\u00a0<a href=\"https:\/\/www.cumhuriyet.com.tr\/siyaset\/mansur-yavas-tan-gazeteci-alican-uludag-in-tutuklanmasina-tepki-istanbul-cumhuriyet-bassavciligi-ayrintisi-2480597\" target=\"_blank\" class=\"feedzy-rss-link-icon\">Read More<\/a><\/p>","protected":false},"excerpt":{"rendered":"<p>ABB Ba\u015fkan\u0131 Mansur Yava\u015f, gazeteci Alican Uluda\u011f&#8217;\u0131n tutuklanmas\u0131na sosyal medyadan yapt\u0131\u011f\u0131 payla\u015f\u0131mla tepki g\u00f6sterdi. Yava\u015f, &#8220;Uluda\u011f, Ankara\u2019da ikamet etmekte, sosyal medya payla\u015f\u0131mlar\u0131n\u0131 da Ankara\u2019dan yapmaktad\u0131r. Buna ra\u011fmen s\u00fcrecin \u0130stanbul Cumhuriyet Ba\u015fsavc\u0131l\u0131\u011f\u0131 taraf\u0131ndan y\u00fcr\u00fct\u00fclmesi soru i\u015faretleri do\u011furmu\u015ftur&#8221; dedi.ABB Ba\u015fkan\u0131 Mansur Yava\u015f, gazeteci Alican Uluda\u011f&#8217;\u0131n tutuklanmas\u0131na sosyal medyadan yapt\u0131\u011f\u0131 payla\u015f\u0131mla tepki g\u00f6sterdi. Yava\u015f, &#8220;Uluda\u011f, Ankara\u2019da ikamet etmekte, [&hellip;]<\/p>\n","protected":false},"author":1,"featured_media":21169,"comment_status":"open","ping_status":"open","sticky":false,"template":"","format":"standard","meta":{"footnotes":"","_links_to":"","_links_to_target":""},"categories":[1],"tags":[],"class_list":["post-21168","post","type-post","status-publish","format-standard","has-post-thumbnail","hentry","category-haberler"],"_links":{"self":[{"href":"https:\/\/www.abchukuk.com\/index.php\/wp-json\/wp\/v2\/posts\/21168","targetHints":{"allow":["GET"]}}],"collection":[{"href":"https:\/\/www.abchukuk.com\/index.php\/wp-json\/wp\/v2\/posts"}],"about":[{"href":"https:\/\/www.abchukuk.com\/index.php\/wp-json\/wp\/v2\/types\/post"}],"author":[{"embeddable":true,"href":"https:\/\/www.abchukuk.com\/index.php\/wp-json\/wp\/v2\/users\/1"}],"replies":[{"embeddable":true,"href":"https:\/\/www.abchukuk.com\/index.php\/wp-json\/wp\/v2\/comments?post=21168"}],"version-history":[{"count":0,"href":"https:\/\/www.abchukuk.com\/index.php\/wp-json\/wp\/v2\/posts\/21168\/revisions"}],"wp:featuredmedia":[{"embeddable":true,"href":"https:\/\/www.abchukuk.com\/index.php\/wp-json\/wp\/v2\/media\/21169"}],"wp:attachment":[{"href":"https:\/\/www.abchukuk.com\/index.php\/wp-json\/wp\/v2\/media?parent=21168"}],"wp:term":[{"taxonomy":"category","embeddable":true,"href":"https:\/\/www.abchukuk.com\/index.php\/wp-json\/wp\/v2\/categories?post=21168"},{"taxonomy":"post_tag","embeddable":true,"href":"https:\/\/www.abchukuk.com\/index.php\/wp-json\/wp\/v2\/tags?post=21168"}],"curies":[{"name":"wp","href":"https:\/\/api.w.org\/{rel}","templated":true}]}}