{"id":19895,"date":"2026-02-11T03:30:10","date_gmt":"2026-02-11T03:30:10","guid":{"rendered":"https:\/\/www.abchukuk.com\/index.php\/2026\/02\/11\/yilmaz-tuncun-adalet-bakanligi-doneminde-neler-yasandi\/"},"modified":"2026-02-11T03:30:10","modified_gmt":"2026-02-11T03:30:10","slug":"yilmaz-tuncun-adalet-bakanligi-doneminde-neler-yasandi","status":"publish","type":"post","link":"https:\/\/www.abchukuk.com\/index.php\/2026\/02\/11\/yilmaz-tuncun-adalet-bakanligi-doneminde-neler-yasandi\/","title":{"rendered":"Y\u0131lmaz Tun\u00e7&#8217;un adalet bakanl\u0131\u011f\u0131 d\u00f6neminde neler ya\u015fand\u0131?"},"content":{"rendered":"<p>Y\u0131lmaz Tun\u00e7&#8217;un Adalet Bakan\u0131 oldu\u011fu d\u00f6nemde T\u00fcrkiye&#8217;de yarg\u0131 politikalar\u0131 ve hukuk devleti tart\u0131\u015fmalar\u0131 yo\u011fun bi\u00e7imde g\u00fcndemde oldu. Bu d\u00f6nemde Tun\u00e7&#8217;un s\u0131k s\u0131k T\u00fcrkiye&#8217;de hukuk devletine ve yarg\u0131 ba\u011f\u0131ms\u0131zl\u0131\u011f\u0131na vurgu yapmas\u0131, muhalefet taraf\u0131ndan sert \u015fekilde ele\u015ftirildi.Y\u0131lmaz Tun\u00e7&#8217;un Adalet Bakan\u0131 oldu\u011fu d\u00f6nemde T\u00fcrkiye&#8217;de yarg\u0131 politikalar\u0131 ve hukuk devleti tart\u0131\u015fmalar\u0131 yo\u011fun bi\u00e7imde g\u00fcndemde oldu. Bu d\u00f6nemde Tun\u00e7&#8217;un s\u0131k s\u0131k T\u00fcrkiye&#8217;de hukuk devletine ve yarg\u0131 ba\u011f\u0131ms\u0131zl\u0131\u011f\u0131na vurgu yapmas\u0131, muhalefet taraf\u0131ndan sert \u015fekilde ele\u015ftirildi.\u00a0<a href=\"https:\/\/www.bbc.com\/turkce\/articles\/c8jx7ngyzzzo?at_medium=RSS&amp;at_campaign=rss\" target=\"_blank\" class=\"feedzy-rss-link-icon\">Read More<\/a><\/p>","protected":false},"excerpt":{"rendered":"<p>Y\u0131lmaz Tun\u00e7&#8217;un Adalet Bakan\u0131 oldu\u011fu d\u00f6nemde T\u00fcrkiye&#8217;de yarg\u0131 politikalar\u0131 ve hukuk devleti tart\u0131\u015fmalar\u0131 yo\u011fun bi\u00e7imde g\u00fcndemde oldu. Bu d\u00f6nemde Tun\u00e7&#8217;un s\u0131k s\u0131k T\u00fcrkiye&#8217;de hukuk devletine ve yarg\u0131 ba\u011f\u0131ms\u0131zl\u0131\u011f\u0131na vurgu yapmas\u0131, muhalefet taraf\u0131ndan sert \u015fekilde ele\u015ftirildi.Y\u0131lmaz Tun\u00e7&#8217;un Adalet Bakan\u0131 oldu\u011fu d\u00f6nemde T\u00fcrkiye&#8217;de yarg\u0131 politikalar\u0131 ve hukuk devleti tart\u0131\u015fmalar\u0131 yo\u011fun bi\u00e7imde g\u00fcndemde oldu. Bu d\u00f6nemde Tun\u00e7&#8217;un s\u0131k [&hellip;]<\/p>\n","protected":false},"author":1,"featured_media":19788,"comment_status":"open","ping_status":"open","sticky":false,"template":"","format":"standard","meta":{"footnotes":"","_links_to":"","_links_to_target":""},"categories":[1],"tags":[],"class_list":["post-19895","post","type-post","status-publish","format-standard","has-post-thumbnail","hentry","category-haberler"],"_links":{"self":[{"href":"https:\/\/www.abchukuk.com\/index.php\/wp-json\/wp\/v2\/posts\/19895","targetHints":{"allow":["GET"]}}],"collection":[{"href":"https:\/\/www.abchukuk.com\/index.php\/wp-json\/wp\/v2\/posts"}],"about":[{"href":"https:\/\/www.abchukuk.com\/index.php\/wp-json\/wp\/v2\/types\/post"}],"author":[{"embeddable":true,"href":"https:\/\/www.abchukuk.com\/index.php\/wp-json\/wp\/v2\/users\/1"}],"replies":[{"embeddable":true,"href":"https:\/\/www.abchukuk.com\/index.php\/wp-json\/wp\/v2\/comments?post=19895"}],"version-history":[{"count":0,"href":"https:\/\/www.abchukuk.com\/index.php\/wp-json\/wp\/v2\/posts\/19895\/revisions"}],"wp:featuredmedia":[{"embeddable":true,"href":"https:\/\/www.abchukuk.com\/index.php\/wp-json\/wp\/v2\/media\/19788"}],"wp:attachment":[{"href":"https:\/\/www.abchukuk.com\/index.php\/wp-json\/wp\/v2\/media?parent=19895"}],"wp:term":[{"taxonomy":"category","embeddable":true,"href":"https:\/\/www.abchukuk.com\/index.php\/wp-json\/wp\/v2\/categories?post=19895"},{"taxonomy":"post_tag","embeddable":true,"href":"https:\/\/www.abchukuk.com\/index.php\/wp-json\/wp\/v2\/tags?post=19895"}],"curies":[{"name":"wp","href":"https:\/\/api.w.org\/{rel}","templated":true}]}}