{"id":19893,"date":"2026-02-11T16:59:50","date_gmt":"2026-02-11T16:59:50","guid":{"rendered":"https:\/\/www.abchukuk.com\/index.php\/2026\/02\/11\/erdogandan-kabine-degisikligi-akin-gurlek-adalet-bakani-mustafa-ciftci-icisleri-bakani-oldu\/"},"modified":"2026-02-11T16:59:50","modified_gmt":"2026-02-11T16:59:50","slug":"erdogandan-kabine-degisikligi-akin-gurlek-adalet-bakani-mustafa-ciftci-icisleri-bakani-oldu","status":"publish","type":"post","link":"https:\/\/www.abchukuk.com\/index.php\/2026\/02\/11\/erdogandan-kabine-degisikligi-akin-gurlek-adalet-bakani-mustafa-ciftci-icisleri-bakani-oldu\/","title":{"rendered":"Erdo\u011fan&#8217;dan kabine de\u011fi\u015fikli\u011fi: Ak\u0131n G\u00fcrlek Adalet Bakan\u0131, Mustafa \u00c7ift\u00e7i \u0130\u00e7i\u015fleri Bakan\u0131 oldu"},"content":{"rendered":"<p>Resmi Gazete&#8217;de yay\u0131mlanan atama karar\u0131yla iki bakan de\u011fi\u015fti. Y\u0131lmaz Tun\u00e7&#8217;un yerine Adalet Bakanl\u0131\u011f\u0131&#8217;na \u0130stanbul Cumhuriyet Ba\u015fsavc\u0131s\u0131 Ak\u0131n G\u00fcrlek, Ali Yerlikaya&#8217;n\u0131n yerine \u0130\u00e7i\u015fleri Bakanl\u0131\u011f\u0131&#8217;na Erzurum Valisi Mustafa \u00c7ift\u00e7i atand\u0131.Resmi Gazete&#8217;de yay\u0131mlanan atama karar\u0131yla iki bakan de\u011fi\u015fti. Y\u0131lmaz Tun\u00e7&#8217;un yerine Adalet Bakanl\u0131\u011f\u0131&#8217;na \u0130stanbul Cumhuriyet Ba\u015fsavc\u0131s\u0131 Ak\u0131n G\u00fcrlek, Ali Yerlikaya&#8217;n\u0131n yerine \u0130\u00e7i\u015fleri Bakanl\u0131\u011f\u0131&#8217;na Erzurum Valisi Mustafa \u00c7ift\u00e7i atand\u0131.\u00a0<a href=\"https:\/\/www.bbc.com\/turkce\/articles\/cewz17zkgnno?at_medium=RSS&amp;at_campaign=rss\" target=\"_blank\" class=\"feedzy-rss-link-icon\">Read More<\/a><\/p>","protected":false},"excerpt":{"rendered":"<p>Resmi Gazete&#8217;de yay\u0131mlanan atama karar\u0131yla iki bakan de\u011fi\u015fti. Y\u0131lmaz Tun\u00e7&#8217;un yerine Adalet Bakanl\u0131\u011f\u0131&#8217;na \u0130stanbul Cumhuriyet Ba\u015fsavc\u0131s\u0131 Ak\u0131n G\u00fcrlek, Ali Yerlikaya&#8217;n\u0131n yerine \u0130\u00e7i\u015fleri Bakanl\u0131\u011f\u0131&#8217;na Erzurum Valisi Mustafa \u00c7ift\u00e7i atand\u0131.Resmi Gazete&#8217;de yay\u0131mlanan atama karar\u0131yla iki bakan de\u011fi\u015fti. Y\u0131lmaz Tun\u00e7&#8217;un yerine Adalet Bakanl\u0131\u011f\u0131&#8217;na \u0130stanbul Cumhuriyet Ba\u015fsavc\u0131s\u0131 Ak\u0131n G\u00fcrlek, Ali Yerlikaya&#8217;n\u0131n yerine \u0130\u00e7i\u015fleri Bakanl\u0131\u011f\u0131&#8217;na Erzurum Valisi Mustafa \u00c7ift\u00e7i atand\u0131.\u00a0Read [&hellip;]<\/p>\n","protected":false},"author":1,"featured_media":19894,"comment_status":"open","ping_status":"open","sticky":false,"template":"","format":"standard","meta":{"footnotes":"","_links_to":"","_links_to_target":""},"categories":[1],"tags":[],"class_list":["post-19893","post","type-post","status-publish","format-standard","has-post-thumbnail","hentry","category-haberler"],"_links":{"self":[{"href":"https:\/\/www.abchukuk.com\/index.php\/wp-json\/wp\/v2\/posts\/19893","targetHints":{"allow":["GET"]}}],"collection":[{"href":"https:\/\/www.abchukuk.com\/index.php\/wp-json\/wp\/v2\/posts"}],"about":[{"href":"https:\/\/www.abchukuk.com\/index.php\/wp-json\/wp\/v2\/types\/post"}],"author":[{"embeddable":true,"href":"https:\/\/www.abchukuk.com\/index.php\/wp-json\/wp\/v2\/users\/1"}],"replies":[{"embeddable":true,"href":"https:\/\/www.abchukuk.com\/index.php\/wp-json\/wp\/v2\/comments?post=19893"}],"version-history":[{"count":0,"href":"https:\/\/www.abchukuk.com\/index.php\/wp-json\/wp\/v2\/posts\/19893\/revisions"}],"wp:featuredmedia":[{"embeddable":true,"href":"https:\/\/www.abchukuk.com\/index.php\/wp-json\/wp\/v2\/media\/19894"}],"wp:attachment":[{"href":"https:\/\/www.abchukuk.com\/index.php\/wp-json\/wp\/v2\/media?parent=19893"}],"wp:term":[{"taxonomy":"category","embeddable":true,"href":"https:\/\/www.abchukuk.com\/index.php\/wp-json\/wp\/v2\/categories?post=19893"},{"taxonomy":"post_tag","embeddable":true,"href":"https:\/\/www.abchukuk.com\/index.php\/wp-json\/wp\/v2\/tags?post=19893"}],"curies":[{"name":"wp","href":"https:\/\/api.w.org\/{rel}","templated":true}]}}