{"id":19883,"date":"2026-02-11T16:09:20","date_gmt":"2026-02-11T16:09:20","guid":{"rendered":"https:\/\/www.abchukuk.com\/index.php\/2026\/02\/11\/asmamiz-gereken-on-yargi-bariyeri-var\/"},"modified":"2026-02-11T16:09:20","modified_gmt":"2026-02-11T16:09:20","slug":"asmamiz-gereken-on-yargi-bariyeri-var","status":"publish","type":"post","link":"https:\/\/www.abchukuk.com\/index.php\/2026\/02\/11\/asmamiz-gereken-on-yargi-bariyeri-var\/","title":{"rendered":"&#8216;A\u015fmam\u0131z gereken \u00f6n yarg\u0131 bariyeri var&#8217;"},"content":{"rendered":"<p>&#8220;K\u00f6klerden Gelece\u011fe Kad\u0131n Kollar\u0131 Te\u015fkilat \u00c7al\u0131\u015ftay\u0131&#8221;n\u0131n kapan\u0131\u015f\u0131nda konu\u015fan Cumhurba\u015fkan\u0131 Recep Tayyip Erdo\u011fan&#8217;\u0131n e\u015fi Emine Erdo\u011fan, &#8220;Bug\u00fcn hala kad\u0131nlar\u0131n k\u0131l\u0131k k\u0131yafeti y\u00fcz\u00fcnden hakir g\u00f6r\u00fcld\u00fc\u011f\u00fcne, bir kad\u0131n\u0131n de\u011ferinin d\u0131\u015f g\u00f6r\u00fcn\u00fc\u015f\u00fcyle \u00f6l\u00e7\u00fclmeye \u00e7al\u0131\u015f\u0131ld\u0131\u011f\u0131na, bat\u0131l\u0131 bir imaj ta\u015f\u0131mayan her kad\u0131n\u0131n \u00e7a\u011fd\u0131\u015f\u0131 say\u0131ld\u0131\u011f\u0131na \u00fcz\u00fclerek \u015fahit oluyoruz. Demek ki hala m\u00fccadele etmemiz, a\u015fmam\u0131z gereken bir \u00f6n yarg\u0131 bariyeri var. O halde bizler daha \u00e7ok \u00e7al\u0131\u015faca\u011f\u0131z&#8221; ifadelerini kulland\u0131&#8221;K\u00f6klerden Gelece\u011fe Kad\u0131n Kollar\u0131 Te\u015fkilat \u00c7al\u0131\u015ftay\u0131&#8221;n\u0131n kapan\u0131\u015f\u0131nda konu\u015fan Cumhurba\u015fkan\u0131 Recep Tayyip Erdo\u011fan&#8217;\u0131n e\u015fi Emine Erdo\u011fan, &#8220;Bug\u00fcn hala kad\u0131nlar\u0131n k\u0131l\u0131k k\u0131yafeti y\u00fcz\u00fcnden hakir g\u00f6r\u00fcld\u00fc\u011f\u00fcne, bir kad\u0131n\u0131n de\u011ferinin d\u0131\u015f g\u00f6r\u00fcn\u00fc\u015f\u00fcyle \u00f6l\u00e7\u00fclmeye \u00e7al\u0131\u015f\u0131ld\u0131\u011f\u0131na, bat\u0131l\u0131 bir imaj ta\u015f\u0131mayan her kad\u0131n\u0131n \u00e7a\u011fd\u0131\u015f\u0131 say\u0131ld\u0131\u011f\u0131na \u00fcz\u00fclerek \u015fahit oluyoruz. Demek ki hala m\u00fccadele etmemiz, a\u015fmam\u0131z gereken bir \u00f6n yarg\u0131 bariyeri var. O halde bizler daha \u00e7ok \u00e7al\u0131\u015faca\u011f\u0131z&#8221; ifadelerini kulland\u0131\u00a0<a href=\"https:\/\/www.haberturk.com\/emine-erdogan-asmamiz-gereken-bir-on-yargi-bariyeri-var-o-halde-bizler-daha-cok-calisacagiz-3861027\" target=\"_blank\" class=\"feedzy-rss-link-icon\">Read More<\/a><\/p>","protected":false},"excerpt":{"rendered":"<p>&#8220;K\u00f6klerden Gelece\u011fe Kad\u0131n Kollar\u0131 Te\u015fkilat \u00c7al\u0131\u015ftay\u0131&#8221;n\u0131n kapan\u0131\u015f\u0131nda konu\u015fan Cumhurba\u015fkan\u0131 Recep Tayyip Erdo\u011fan&#8217;\u0131n e\u015fi Emine Erdo\u011fan, &#8220;Bug\u00fcn hala kad\u0131nlar\u0131n k\u0131l\u0131k k\u0131yafeti y\u00fcz\u00fcnden hakir g\u00f6r\u00fcld\u00fc\u011f\u00fcne, bir kad\u0131n\u0131n de\u011ferinin d\u0131\u015f g\u00f6r\u00fcn\u00fc\u015f\u00fcyle \u00f6l\u00e7\u00fclmeye \u00e7al\u0131\u015f\u0131ld\u0131\u011f\u0131na, bat\u0131l\u0131 bir imaj ta\u015f\u0131mayan her kad\u0131n\u0131n \u00e7a\u011fd\u0131\u015f\u0131 say\u0131ld\u0131\u011f\u0131na \u00fcz\u00fclerek \u015fahit oluyoruz. Demek ki hala m\u00fccadele etmemiz, a\u015fmam\u0131z gereken bir \u00f6n yarg\u0131 bariyeri var. O halde [&hellip;]<\/p>\n","protected":false},"author":1,"featured_media":0,"comment_status":"open","ping_status":"open","sticky":false,"template":"","format":"standard","meta":{"footnotes":"","_links_to":"","_links_to_target":""},"categories":[1],"tags":[],"class_list":["post-19883","post","type-post","status-publish","format-standard","hentry","category-haberler"],"_links":{"self":[{"href":"https:\/\/www.abchukuk.com\/index.php\/wp-json\/wp\/v2\/posts\/19883","targetHints":{"allow":["GET"]}}],"collection":[{"href":"https:\/\/www.abchukuk.com\/index.php\/wp-json\/wp\/v2\/posts"}],"about":[{"href":"https:\/\/www.abchukuk.com\/index.php\/wp-json\/wp\/v2\/types\/post"}],"author":[{"embeddable":true,"href":"https:\/\/www.abchukuk.com\/index.php\/wp-json\/wp\/v2\/users\/1"}],"replies":[{"embeddable":true,"href":"https:\/\/www.abchukuk.com\/index.php\/wp-json\/wp\/v2\/comments?post=19883"}],"version-history":[{"count":0,"href":"https:\/\/www.abchukuk.com\/index.php\/wp-json\/wp\/v2\/posts\/19883\/revisions"}],"wp:attachment":[{"href":"https:\/\/www.abchukuk.com\/index.php\/wp-json\/wp\/v2\/media?parent=19883"}],"wp:term":[{"taxonomy":"category","embeddable":true,"href":"https:\/\/www.abchukuk.com\/index.php\/wp-json\/wp\/v2\/categories?post=19883"},{"taxonomy":"post_tag","embeddable":true,"href":"https:\/\/www.abchukuk.com\/index.php\/wp-json\/wp\/v2\/tags?post=19883"}],"curies":[{"name":"wp","href":"https:\/\/api.w.org\/{rel}","templated":true}]}}