{"id":19758,"date":"2026-02-10T21:06:47","date_gmt":"2026-02-10T21:06:47","guid":{"rendered":"https:\/\/www.abchukuk.com\/index.php\/2026\/02\/10\/resmi-gazetede-yayimlandi-adalet-bakani-ve-icisleri-bakani-degisti\/"},"modified":"2026-02-10T21:06:47","modified_gmt":"2026-02-10T21:06:47","slug":"resmi-gazetede-yayimlandi-adalet-bakani-ve-icisleri-bakani-degisti","status":"publish","type":"post","link":"https:\/\/www.abchukuk.com\/index.php\/2026\/02\/10\/resmi-gazetede-yayimlandi-adalet-bakani-ve-icisleri-bakani-degisti\/","title":{"rendered":"Resmi gazetede yay\u0131mland\u0131: Adalet Bakan\u0131 ve \u0130\u00e7i\u015fleri Bakan\u0131 de\u011fi\u015fti"},"content":{"rendered":"<p>Resmi Gazete\u2019de yay\u0131mlanan kararla Ak\u0131n G\u00fcrlek Adalet Bakan\u0131, Mustafa \u00c7ift\u00e7i ise \u0130\u00e7i\u015fleri Bakan\u0131 oldu.Resmi Gazete\u2019de yay\u0131mlanan kararla Ak\u0131n G\u00fcrlek Adalet Bakan\u0131, Mustafa \u00c7ift\u00e7i ise \u0130\u00e7i\u015fleri Bakan\u0131 oldu.\u00a0<a href=\"https:\/\/anlatilaninotesi.com.tr\/20260211\/resmi-gazetede-yayimlandi-adalet-bakani-ve-icisleri-bakani-degisti-1103406294.html\" target=\"_blank\" class=\"feedzy-rss-link-icon\">Read More<\/a><\/p>","protected":false},"excerpt":{"rendered":"<p>Resmi Gazete\u2019de yay\u0131mlanan kararla Ak\u0131n G\u00fcrlek Adalet Bakan\u0131, Mustafa \u00c7ift\u00e7i ise \u0130\u00e7i\u015fleri Bakan\u0131 oldu.Resmi Gazete\u2019de yay\u0131mlanan kararla Ak\u0131n G\u00fcrlek Adalet Bakan\u0131, Mustafa \u00c7ift\u00e7i ise \u0130\u00e7i\u015fleri Bakan\u0131 oldu.\u00a0Read More<\/p>\n","protected":false},"author":1,"featured_media":0,"comment_status":"open","ping_status":"open","sticky":false,"template":"","format":"standard","meta":{"footnotes":"","_links_to":"","_links_to_target":""},"categories":[1],"tags":[],"class_list":["post-19758","post","type-post","status-publish","format-standard","hentry","category-haberler"],"_links":{"self":[{"href":"https:\/\/www.abchukuk.com\/index.php\/wp-json\/wp\/v2\/posts\/19758","targetHints":{"allow":["GET"]}}],"collection":[{"href":"https:\/\/www.abchukuk.com\/index.php\/wp-json\/wp\/v2\/posts"}],"about":[{"href":"https:\/\/www.abchukuk.com\/index.php\/wp-json\/wp\/v2\/types\/post"}],"author":[{"embeddable":true,"href":"https:\/\/www.abchukuk.com\/index.php\/wp-json\/wp\/v2\/users\/1"}],"replies":[{"embeddable":true,"href":"https:\/\/www.abchukuk.com\/index.php\/wp-json\/wp\/v2\/comments?post=19758"}],"version-history":[{"count":0,"href":"https:\/\/www.abchukuk.com\/index.php\/wp-json\/wp\/v2\/posts\/19758\/revisions"}],"wp:attachment":[{"href":"https:\/\/www.abchukuk.com\/index.php\/wp-json\/wp\/v2\/media?parent=19758"}],"wp:term":[{"taxonomy":"category","embeddable":true,"href":"https:\/\/www.abchukuk.com\/index.php\/wp-json\/wp\/v2\/categories?post=19758"},{"taxonomy":"post_tag","embeddable":true,"href":"https:\/\/www.abchukuk.com\/index.php\/wp-json\/wp\/v2\/tags?post=19758"}],"curies":[{"name":"wp","href":"https:\/\/api.w.org\/{rel}","templated":true}]}}