{"id":19757,"date":"2026-02-10T21:17:30","date_gmt":"2026-02-10T21:17:30","guid":{"rendered":"https:\/\/www.abchukuk.com\/index.php\/2026\/02\/10\/resmi-gazete-icisleri-ve-adalet-bakanlari-degisti\/"},"modified":"2026-02-10T21:17:30","modified_gmt":"2026-02-10T21:17:30","slug":"resmi-gazete-icisleri-ve-adalet-bakanlari-degisti","status":"publish","type":"post","link":"https:\/\/www.abchukuk.com\/index.php\/2026\/02\/10\/resmi-gazete-icisleri-ve-adalet-bakanlari-degisti\/","title":{"rendered":"Resmi Gazete: \u0130\u00e7i\u015fleri ve Adalet Bakanlar\u0131 de\u011fi\u015fti"},"content":{"rendered":"<p>Erdo\u011fan&#8217;\u0131n imzas\u0131yla yeni \u0130\u00e7i\u015fleri Bakan\u0131 Mustafa \u00c7ift\u00e7i, yeni Adalet Bakan\u0131 Ak\u0131n G\u00fcrlek oldu.Erdo\u011fan&#8217;\u0131n imzas\u0131yla yeni \u0130\u00e7i\u015fleri Bakan\u0131 Mustafa \u00c7ift\u00e7i, yeni Adalet Bakan\u0131 Ak\u0131n G\u00fcrlek oldu.\u00a0<a href=\"http:\/\/tr.euronews.com\/2026\/02\/10\/resmi-gazete-icisleri-ve-adalet-bakanliginda-gorev-degisimi\" target=\"_blank\" class=\"feedzy-rss-link-icon\">Read More<\/a><\/p>","protected":false},"excerpt":{"rendered":"<p>Erdo\u011fan&#8217;\u0131n imzas\u0131yla yeni \u0130\u00e7i\u015fleri Bakan\u0131 Mustafa \u00c7ift\u00e7i, yeni Adalet Bakan\u0131 Ak\u0131n G\u00fcrlek oldu.Erdo\u011fan&#8217;\u0131n imzas\u0131yla yeni \u0130\u00e7i\u015fleri Bakan\u0131 Mustafa \u00c7ift\u00e7i, yeni Adalet Bakan\u0131 Ak\u0131n G\u00fcrlek oldu.\u00a0Read More<\/p>\n","protected":false},"author":1,"featured_media":0,"comment_status":"open","ping_status":"open","sticky":false,"template":"","format":"standard","meta":{"footnotes":"","_links_to":"","_links_to_target":""},"categories":[1],"tags":[],"class_list":["post-19757","post","type-post","status-publish","format-standard","hentry","category-haberler"],"_links":{"self":[{"href":"https:\/\/www.abchukuk.com\/index.php\/wp-json\/wp\/v2\/posts\/19757","targetHints":{"allow":["GET"]}}],"collection":[{"href":"https:\/\/www.abchukuk.com\/index.php\/wp-json\/wp\/v2\/posts"}],"about":[{"href":"https:\/\/www.abchukuk.com\/index.php\/wp-json\/wp\/v2\/types\/post"}],"author":[{"embeddable":true,"href":"https:\/\/www.abchukuk.com\/index.php\/wp-json\/wp\/v2\/users\/1"}],"replies":[{"embeddable":true,"href":"https:\/\/www.abchukuk.com\/index.php\/wp-json\/wp\/v2\/comments?post=19757"}],"version-history":[{"count":0,"href":"https:\/\/www.abchukuk.com\/index.php\/wp-json\/wp\/v2\/posts\/19757\/revisions"}],"wp:attachment":[{"href":"https:\/\/www.abchukuk.com\/index.php\/wp-json\/wp\/v2\/media?parent=19757"}],"wp:term":[{"taxonomy":"category","embeddable":true,"href":"https:\/\/www.abchukuk.com\/index.php\/wp-json\/wp\/v2\/categories?post=19757"},{"taxonomy":"post_tag","embeddable":true,"href":"https:\/\/www.abchukuk.com\/index.php\/wp-json\/wp\/v2\/tags?post=19757"}],"curies":[{"name":"wp","href":"https:\/\/api.w.org\/{rel}","templated":true}]}}