{"id":19366,"date":"2026-02-06T08:59:25","date_gmt":"2026-02-06T08:59:25","guid":{"rendered":"https:\/\/www.abchukuk.com\/index.php\/2026\/02\/06\/eski-norvec-basbakani-hakkinda-epstein-ile-baglantilari-nedeniyle-yolsuzluk-sorusturmasi-acildi\/"},"modified":"2026-02-06T08:59:25","modified_gmt":"2026-02-06T08:59:25","slug":"eski-norvec-basbakani-hakkinda-epstein-ile-baglantilari-nedeniyle-yolsuzluk-sorusturmasi-acildi","status":"publish","type":"post","link":"https:\/\/www.abchukuk.com\/index.php\/2026\/02\/06\/eski-norvec-basbakani-hakkinda-epstein-ile-baglantilari-nedeniyle-yolsuzluk-sorusturmasi-acildi\/","title":{"rendered":"Eski Norve\u00e7 ba\u015fbakan\u0131 hakk\u0131nda Epstein ile ba\u011flant\u0131lar\u0131 nedeniyle yolsuzluk soru\u015fturmas\u0131 a\u00e7\u0131ld\u0131"},"content":{"rendered":"<p>Norve\u00e7&#8217;in ekonomik su\u00e7lar polis birimi Oekokrim, d\u00fcn ak\u015fam yapt\u0131\u011f\u0131 a\u00e7\u0131klamada, eski ba\u015fbakan ve Norve\u00e7 Nobel Komitesi Ba\u015fkan\u0131 Thorbjorn Jagland hakk\u0131nda a\u011f\u0131rla\u015ft\u0131r\u0131lm\u0131\u015f yolsuzluk \u015f\u00fcphesiyle soru\u015fturma ba\u015flatt\u0131\u011f\u0131n\u0131 duyurdu.Norve\u00e7&#8217;in ekonomik su\u00e7lar polis birimi Oekokrim, d\u00fcn ak\u015fam yapt\u0131\u011f\u0131 a\u00e7\u0131klamada, eski ba\u015fbakan ve Norve\u00e7 Nobel Komitesi Ba\u015fkan\u0131 Thorbjorn Jagland hakk\u0131nda a\u011f\u0131rla\u015ft\u0131r\u0131lm\u0131\u015f yolsuzluk \u015f\u00fcphesiyle soru\u015fturma ba\u015flatt\u0131\u011f\u0131n\u0131 duyurdu.\u00a0<a href=\"https:\/\/anlatilaninotesi.com.tr\/20260206\/eski-norvec-basbakani-hakkinda-epstein-ile-baglantilari-nedeniyle-yolsuzluk-sorusturmasi-acildi-1103312678.html\" target=\"_blank\" class=\"feedzy-rss-link-icon\">Read More<\/a><\/p>","protected":false},"excerpt":{"rendered":"<p>Norve\u00e7&#8217;in ekonomik su\u00e7lar polis birimi Oekokrim, d\u00fcn ak\u015fam yapt\u0131\u011f\u0131 a\u00e7\u0131klamada, eski ba\u015fbakan ve Norve\u00e7 Nobel Komitesi Ba\u015fkan\u0131 Thorbjorn Jagland hakk\u0131nda a\u011f\u0131rla\u015ft\u0131r\u0131lm\u0131\u015f yolsuzluk \u015f\u00fcphesiyle soru\u015fturma ba\u015flatt\u0131\u011f\u0131n\u0131 duyurdu.Norve\u00e7&#8217;in ekonomik su\u00e7lar polis birimi Oekokrim, d\u00fcn ak\u015fam yapt\u0131\u011f\u0131 a\u00e7\u0131klamada, eski ba\u015fbakan ve Norve\u00e7 Nobel Komitesi Ba\u015fkan\u0131 Thorbjorn Jagland hakk\u0131nda a\u011f\u0131rla\u015ft\u0131r\u0131lm\u0131\u015f yolsuzluk \u015f\u00fcphesiyle soru\u015fturma ba\u015flatt\u0131\u011f\u0131n\u0131 duyurdu.\u00a0Read More<\/p>\n","protected":false},"author":1,"featured_media":19367,"comment_status":"open","ping_status":"open","sticky":false,"template":"","format":"standard","meta":{"footnotes":"","_links_to":"","_links_to_target":""},"categories":[1],"tags":[],"class_list":["post-19366","post","type-post","status-publish","format-standard","has-post-thumbnail","hentry","category-haberler"],"_links":{"self":[{"href":"https:\/\/www.abchukuk.com\/index.php\/wp-json\/wp\/v2\/posts\/19366","targetHints":{"allow":["GET"]}}],"collection":[{"href":"https:\/\/www.abchukuk.com\/index.php\/wp-json\/wp\/v2\/posts"}],"about":[{"href":"https:\/\/www.abchukuk.com\/index.php\/wp-json\/wp\/v2\/types\/post"}],"author":[{"embeddable":true,"href":"https:\/\/www.abchukuk.com\/index.php\/wp-json\/wp\/v2\/users\/1"}],"replies":[{"embeddable":true,"href":"https:\/\/www.abchukuk.com\/index.php\/wp-json\/wp\/v2\/comments?post=19366"}],"version-history":[{"count":0,"href":"https:\/\/www.abchukuk.com\/index.php\/wp-json\/wp\/v2\/posts\/19366\/revisions"}],"wp:featuredmedia":[{"embeddable":true,"href":"https:\/\/www.abchukuk.com\/index.php\/wp-json\/wp\/v2\/media\/19367"}],"wp:attachment":[{"href":"https:\/\/www.abchukuk.com\/index.php\/wp-json\/wp\/v2\/media?parent=19366"}],"wp:term":[{"taxonomy":"category","embeddable":true,"href":"https:\/\/www.abchukuk.com\/index.php\/wp-json\/wp\/v2\/categories?post=19366"},{"taxonomy":"post_tag","embeddable":true,"href":"https:\/\/www.abchukuk.com\/index.php\/wp-json\/wp\/v2\/tags?post=19366"}],"curies":[{"name":"wp","href":"https:\/\/api.w.org\/{rel}","templated":true}]}}