{"id":19361,"date":"2026-02-06T09:36:00","date_gmt":"2026-02-06T09:36:00","guid":{"rendered":"https:\/\/www.abchukuk.com\/index.php\/2026\/02\/06\/durusmada-2-sanigi-oldurup-jandarmayi-sehit-etti-silah-itirafi\/"},"modified":"2026-02-06T09:36:00","modified_gmt":"2026-02-06T09:36:00","slug":"durusmada-2-sanigi-oldurup-jandarmayi-sehit-etti-silah-itirafi","status":"publish","type":"post","link":"https:\/\/www.abchukuk.com\/index.php\/2026\/02\/06\/durusmada-2-sanigi-oldurup-jandarmayi-sehit-etti-silah-itirafi\/","title":{"rendered":"Duru\u015fmada 2 san\u0131\u011f\u0131 \u00f6ld\u00fcr\u00fcp jandarmay\u0131 \u015fehit etti! Silah itiraf\u0131!"},"content":{"rendered":"<p>Bursa&#8217;da 2 y\u0131l \u00f6nce duru\u015fma s\u0131ras\u0131nda 2 san\u0131\u011f\u0131 \u00f6ld\u00fcr\u00fcp, 1 jandarma personelini \u015fehit eden Kemal Erg\u00fcn adl\u0131 katil zanl\u0131s\u0131n\u0131n, silah\u0131 adliyeye nas\u0131l soktu\u011fu belirlendi. Kan donduran sald\u0131r\u0131da zanl\u0131n\u0131n, tabancay\u0131 o\u011flunun X-Ray cihaz\u0131n\u0131n yan\u0131ndan ge\u00e7irdi\u011fi tekerlekli sandalyesinin tuvalet b\u00f6l\u00fcm\u00fcne gizledi\u011fi ortaya \u00e7\u0131kt\u0131Bursa&#8217;da 2 y\u0131l \u00f6nce duru\u015fma s\u0131ras\u0131nda 2 san\u0131\u011f\u0131 \u00f6ld\u00fcr\u00fcp, 1 jandarma personelini \u015fehit eden Kemal Erg\u00fcn adl\u0131 katil zanl\u0131s\u0131n\u0131n, silah\u0131 adliyeye nas\u0131l soktu\u011fu belirlendi. Kan donduran sald\u0131r\u0131da zanl\u0131n\u0131n, tabancay\u0131 o\u011flunun X-Ray cihaz\u0131n\u0131n yan\u0131ndan ge\u00e7irdi\u011fi tekerlekli sandalyesinin tuvalet b\u00f6l\u00fcm\u00fcne gizledi\u011fi ortaya \u00e7\u0131kt\u0131\u00a0<a href=\"https:\/\/www.haberturk.com\/durusmada-2-sanigi-oldurup-jandarmayi-sehit-etti-silah-itirafi-3859695\" target=\"_blank\" class=\"feedzy-rss-link-icon\">Read More<\/a><\/p>","protected":false},"excerpt":{"rendered":"<p>Bursa&#8217;da 2 y\u0131l \u00f6nce duru\u015fma s\u0131ras\u0131nda 2 san\u0131\u011f\u0131 \u00f6ld\u00fcr\u00fcp, 1 jandarma personelini \u015fehit eden Kemal Erg\u00fcn adl\u0131 katil zanl\u0131s\u0131n\u0131n, silah\u0131 adliyeye nas\u0131l soktu\u011fu belirlendi. Kan donduran sald\u0131r\u0131da zanl\u0131n\u0131n, tabancay\u0131 o\u011flunun X-Ray cihaz\u0131n\u0131n yan\u0131ndan ge\u00e7irdi\u011fi tekerlekli sandalyesinin tuvalet b\u00f6l\u00fcm\u00fcne gizledi\u011fi ortaya \u00e7\u0131kt\u0131Bursa&#8217;da 2 y\u0131l \u00f6nce duru\u015fma s\u0131ras\u0131nda 2 san\u0131\u011f\u0131 \u00f6ld\u00fcr\u00fcp, 1 jandarma personelini \u015fehit eden Kemal [&hellip;]<\/p>\n","protected":false},"author":1,"featured_media":0,"comment_status":"open","ping_status":"open","sticky":false,"template":"","format":"standard","meta":{"footnotes":"","_links_to":"","_links_to_target":""},"categories":[1],"tags":[],"class_list":["post-19361","post","type-post","status-publish","format-standard","hentry","category-haberler"],"_links":{"self":[{"href":"https:\/\/www.abchukuk.com\/index.php\/wp-json\/wp\/v2\/posts\/19361","targetHints":{"allow":["GET"]}}],"collection":[{"href":"https:\/\/www.abchukuk.com\/index.php\/wp-json\/wp\/v2\/posts"}],"about":[{"href":"https:\/\/www.abchukuk.com\/index.php\/wp-json\/wp\/v2\/types\/post"}],"author":[{"embeddable":true,"href":"https:\/\/www.abchukuk.com\/index.php\/wp-json\/wp\/v2\/users\/1"}],"replies":[{"embeddable":true,"href":"https:\/\/www.abchukuk.com\/index.php\/wp-json\/wp\/v2\/comments?post=19361"}],"version-history":[{"count":0,"href":"https:\/\/www.abchukuk.com\/index.php\/wp-json\/wp\/v2\/posts\/19361\/revisions"}],"wp:attachment":[{"href":"https:\/\/www.abchukuk.com\/index.php\/wp-json\/wp\/v2\/media?parent=19361"}],"wp:term":[{"taxonomy":"category","embeddable":true,"href":"https:\/\/www.abchukuk.com\/index.php\/wp-json\/wp\/v2\/categories?post=19361"},{"taxonomy":"post_tag","embeddable":true,"href":"https:\/\/www.abchukuk.com\/index.php\/wp-json\/wp\/v2\/tags?post=19361"}],"curies":[{"name":"wp","href":"https:\/\/api.w.org\/{rel}","templated":true}]}}