{"id":19359,"date":"2026-02-06T09:46:00","date_gmt":"2026-02-06T09:46:00","guid":{"rendered":"https:\/\/www.abchukuk.com\/index.php\/2026\/02\/06\/ekrem-imamoglu-da-aralarinda-ibb-davasinda-105-kisinin-tutuklulugunun-devamina-yonelik-karara-yapilan-itiraz-reddedildi\/"},"modified":"2026-02-06T09:46:00","modified_gmt":"2026-02-06T09:46:00","slug":"ekrem-imamoglu-da-aralarinda-ibb-davasinda-105-kisinin-tutuklulugunun-devamina-yonelik-karara-yapilan-itiraz-reddedildi","status":"publish","type":"post","link":"https:\/\/www.abchukuk.com\/index.php\/2026\/02\/06\/ekrem-imamoglu-da-aralarinda-ibb-davasinda-105-kisinin-tutuklulugunun-devamina-yonelik-karara-yapilan-itiraz-reddedildi\/","title":{"rendered":"Ekrem \u0130mamo\u011flu da aralar\u0131nda&#8230; \u0130BB davas\u0131nda 105 ki\u015finin tutuklulu\u011funun devam\u0131na y\u00f6nelik karara yap\u0131lan &#8216;itiraz&#8217; reddedildi"},"content":{"rendered":"<p>\u0130stanbul 41. A\u011f\u0131r Ceza Mahkemesi, aralar\u0131nda Ekrem \u0130mamo\u011flu\u2019nun da bulundu\u011fu 105 ki\u015finin tutuklulu\u011funun devam\u0131na ili\u015fkin karara yap\u0131lan itiraz\u0131 reddetti. Avukat H\u00fcseyin Ers\u00f6z, karar\u0131n genel ve kal\u0131p gerek\u00e7elerle verildi\u011fini belirterek, \u201cCezaevindeki insanlar say\u0131lardan ibaret g\u00f6r\u00fclemez\u201d s\u00f6zleriyle tepki g\u00f6sterdi.\u0130stanbul 41. A\u011f\u0131r Ceza Mahkemesi, aralar\u0131nda Ekrem \u0130mamo\u011flu\u2019nun da bulundu\u011fu 105 ki\u015finin tutuklulu\u011funun devam\u0131na ili\u015fkin karara yap\u0131lan itiraz\u0131 reddetti. Avukat H\u00fcseyin Ers\u00f6z, karar\u0131n genel ve kal\u0131p gerek\u00e7elerle verildi\u011fini belirterek, \u201cCezaevindeki insanlar say\u0131lardan ibaret g\u00f6r\u00fclemez\u201d s\u00f6zleriyle tepki g\u00f6sterdi.\u00a0<a href=\"https:\/\/www.cumhuriyet.com.tr\/siyaset\/ekrem-imamoglu-da-aralarinda-ibb-davasinda-105-kisinin-tutuklulugunun-devamina-yonelik-karara-yapilan-itiraz-reddedildi-2476498\" target=\"_blank\" class=\"feedzy-rss-link-icon\">Read More<\/a><\/p>","protected":false},"excerpt":{"rendered":"<p>\u0130stanbul 41. A\u011f\u0131r Ceza Mahkemesi, aralar\u0131nda Ekrem \u0130mamo\u011flu\u2019nun da bulundu\u011fu 105 ki\u015finin tutuklulu\u011funun devam\u0131na ili\u015fkin karara yap\u0131lan itiraz\u0131 reddetti. Avukat H\u00fcseyin Ers\u00f6z, karar\u0131n genel ve kal\u0131p gerek\u00e7elerle verildi\u011fini belirterek, \u201cCezaevindeki insanlar say\u0131lardan ibaret g\u00f6r\u00fclemez\u201d s\u00f6zleriyle tepki g\u00f6sterdi.\u0130stanbul 41. A\u011f\u0131r Ceza Mahkemesi, aralar\u0131nda Ekrem \u0130mamo\u011flu\u2019nun da bulundu\u011fu 105 ki\u015finin tutuklulu\u011funun devam\u0131na ili\u015fkin karara yap\u0131lan itiraz\u0131 reddetti. [&hellip;]<\/p>\n","protected":false},"author":1,"featured_media":19360,"comment_status":"open","ping_status":"open","sticky":false,"template":"","format":"standard","meta":{"footnotes":"","_links_to":"","_links_to_target":""},"categories":[1],"tags":[],"class_list":["post-19359","post","type-post","status-publish","format-standard","has-post-thumbnail","hentry","category-haberler"],"_links":{"self":[{"href":"https:\/\/www.abchukuk.com\/index.php\/wp-json\/wp\/v2\/posts\/19359","targetHints":{"allow":["GET"]}}],"collection":[{"href":"https:\/\/www.abchukuk.com\/index.php\/wp-json\/wp\/v2\/posts"}],"about":[{"href":"https:\/\/www.abchukuk.com\/index.php\/wp-json\/wp\/v2\/types\/post"}],"author":[{"embeddable":true,"href":"https:\/\/www.abchukuk.com\/index.php\/wp-json\/wp\/v2\/users\/1"}],"replies":[{"embeddable":true,"href":"https:\/\/www.abchukuk.com\/index.php\/wp-json\/wp\/v2\/comments?post=19359"}],"version-history":[{"count":0,"href":"https:\/\/www.abchukuk.com\/index.php\/wp-json\/wp\/v2\/posts\/19359\/revisions"}],"wp:featuredmedia":[{"embeddable":true,"href":"https:\/\/www.abchukuk.com\/index.php\/wp-json\/wp\/v2\/media\/19360"}],"wp:attachment":[{"href":"https:\/\/www.abchukuk.com\/index.php\/wp-json\/wp\/v2\/media?parent=19359"}],"wp:term":[{"taxonomy":"category","embeddable":true,"href":"https:\/\/www.abchukuk.com\/index.php\/wp-json\/wp\/v2\/categories?post=19359"},{"taxonomy":"post_tag","embeddable":true,"href":"https:\/\/www.abchukuk.com\/index.php\/wp-json\/wp\/v2\/tags?post=19359"}],"curies":[{"name":"wp","href":"https:\/\/api.w.org\/{rel}","templated":true}]}}