{"id":19345,"date":"2026-02-06T08:18:00","date_gmt":"2026-02-06T08:18:00","guid":{"rendered":"https:\/\/www.abchukuk.com\/index.php\/2026\/02\/06\/dilek-imamoglunun-kardesi-ali-kaya-dahil-19-supheli-adliyeye-sevk-edildi\/"},"modified":"2026-02-06T08:18:00","modified_gmt":"2026-02-06T08:18:00","slug":"dilek-imamoglunun-kardesi-ali-kaya-dahil-19-supheli-adliyeye-sevk-edildi","status":"publish","type":"post","link":"https:\/\/www.abchukuk.com\/index.php\/2026\/02\/06\/dilek-imamoglunun-kardesi-ali-kaya-dahil-19-supheli-adliyeye-sevk-edildi\/","title":{"rendered":"Dilek \u0130mamo\u011flu&#8217;nun Karde\u015fi Ali Kaya Dahil 19 \u015e\u00fcpheli Adliyeye Sevk Edildi"},"content":{"rendered":"<p><a href=\"https:\/\/www.gercekgundem.com\/guncel\/dilek-imamoglunun-kardesi-ali-kaya-dahil-19-supheli-adliyeye-sevk-edildi-566241\"><br \/>\n                                                            <img decoding=\"async\" src=\"https:\/\/i.gercekgundem.com\/2\/150\/84\/storage\/files\/images\/2026\/02\/06\/dilek-imamoglunun-kardesi-ali-kaya-dahil-19-supheli-adliyeye-sevk-edildi-5yih.jpg\" width=\"150\" height=\"84\" border=\"0\" align=\"right\" \/><br \/>\n                                                    <\/a><\/p>\n<h4>Dilek \u0130mamo\u011flu&#8217;nun karde\u015fi Ali Kaya&#8217;n\u0131n da aralar\u0131nda bulundu\u011fu 19 \u015f\u00fcpheli, &#8216;uyu\u015fturucu&#8217; soru\u015fturmas\u0131 kapsam\u0131nda bug\u00fcn adliyeye sevk edildi.<\/h4>\n<p>Dilek \u0130mamo\u011flu&#8217;nun karde\u015fi Ali Kaya&#8217;n\u0131n da aralar\u0131nda bulundu\u011fu 19 \u015f\u00fcpheli, &#8216;uyu\u015fturucu&#8217; soru\u015fturmas\u0131 kapsam\u0131nda bug\u00fcn adliyeye sevk edildi.\u00a0<a href=\"https:\/\/www.gercekgundem.com\/guncel\/dilek-imamoglunun-kardesi-ali-kaya-dahil-19-supheli-adliyeye-sevk-edildi-566241\" target=\"_blank\" class=\"feedzy-rss-link-icon\">Read More<\/a><\/p>","protected":false},"excerpt":{"rendered":"<p>Dilek \u0130mamo\u011flu&#8217;nun karde\u015fi Ali Kaya&#8217;n\u0131n da aralar\u0131nda bulundu\u011fu 19 \u015f\u00fcpheli, &#8216;uyu\u015fturucu&#8217; soru\u015fturmas\u0131 kapsam\u0131nda bug\u00fcn adliyeye sevk edildi. Dilek \u0130mamo\u011flu&#8217;nun karde\u015fi Ali Kaya&#8217;n\u0131n da aralar\u0131nda bulundu\u011fu 19 \u015f\u00fcpheli, &#8216;uyu\u015fturucu&#8217; soru\u015fturmas\u0131 kapsam\u0131nda bug\u00fcn adliyeye sevk edildi.\u00a0Read More<\/p>\n","protected":false},"author":1,"featured_media":19346,"comment_status":"open","ping_status":"open","sticky":false,"template":"","format":"standard","meta":{"footnotes":"","_links_to":"","_links_to_target":""},"categories":[1],"tags":[],"class_list":["post-19345","post","type-post","status-publish","format-standard","has-post-thumbnail","hentry","category-haberler"],"_links":{"self":[{"href":"https:\/\/www.abchukuk.com\/index.php\/wp-json\/wp\/v2\/posts\/19345","targetHints":{"allow":["GET"]}}],"collection":[{"href":"https:\/\/www.abchukuk.com\/index.php\/wp-json\/wp\/v2\/posts"}],"about":[{"href":"https:\/\/www.abchukuk.com\/index.php\/wp-json\/wp\/v2\/types\/post"}],"author":[{"embeddable":true,"href":"https:\/\/www.abchukuk.com\/index.php\/wp-json\/wp\/v2\/users\/1"}],"replies":[{"embeddable":true,"href":"https:\/\/www.abchukuk.com\/index.php\/wp-json\/wp\/v2\/comments?post=19345"}],"version-history":[{"count":0,"href":"https:\/\/www.abchukuk.com\/index.php\/wp-json\/wp\/v2\/posts\/19345\/revisions"}],"wp:featuredmedia":[{"embeddable":true,"href":"https:\/\/www.abchukuk.com\/index.php\/wp-json\/wp\/v2\/media\/19346"}],"wp:attachment":[{"href":"https:\/\/www.abchukuk.com\/index.php\/wp-json\/wp\/v2\/media?parent=19345"}],"wp:term":[{"taxonomy":"category","embeddable":true,"href":"https:\/\/www.abchukuk.com\/index.php\/wp-json\/wp\/v2\/categories?post=19345"},{"taxonomy":"post_tag","embeddable":true,"href":"https:\/\/www.abchukuk.com\/index.php\/wp-json\/wp\/v2\/tags?post=19345"}],"curies":[{"name":"wp","href":"https:\/\/api.w.org\/{rel}","templated":true}]}}