{"id":19341,"date":"2026-02-06T08:29:00","date_gmt":"2026-02-06T08:29:00","guid":{"rendered":"https:\/\/www.abchukuk.com\/index.php\/2026\/02\/06\/izmirdeki-yanginda-5-kardes-hayatini-kaybetmisti-anneye-ceza-verilmemesi-istinafta-onandi\/"},"modified":"2026-02-06T08:29:00","modified_gmt":"2026-02-06T08:29:00","slug":"izmirdeki-yanginda-5-kardes-hayatini-kaybetmisti-anneye-ceza-verilmemesi-istinafta-onandi","status":"publish","type":"post","link":"https:\/\/www.abchukuk.com\/index.php\/2026\/02\/06\/izmirdeki-yanginda-5-kardes-hayatini-kaybetmisti-anneye-ceza-verilmemesi-istinafta-onandi\/","title":{"rendered":"\u0130zmir&#8217;deki yang\u0131nda 5 karde\u015f hayat\u0131n\u0131 kaybetmi\u015fti: &#8216;Anneye ceza verilmemesi&#8217; istinafta onand\u0131"},"content":{"rendered":"<p>\u0130zmir&#8217;in Sel\u00e7uk il\u00e7esinde 5 \u00e7ocu\u011funun hayat\u0131n\u0131 kaybetti\u011fi yang\u0131na ili\u015fkin &#8216;Bilin\u00e7li taksirle birden fazla ki\u015finin \u00f6l\u00fcm\u00fcne sebep olma&#8217; su\u00e7undan yarg\u0131lanan Sinem Melisa Akcan&#8217;a (29) yerel mahkemece ceza verilmemesine ili\u015fkin karar &#8216;hukuka ayk\u0131r\u0131l\u0131k&#8217; bulunmad\u0131\u011f\u0131 gerek\u00e7esiyle istinaf mahkemesi taraf\u0131ndan onan\u0131p kesinle\u015fti.\u0130zmir&#8217;in Sel\u00e7uk il\u00e7esinde 5 \u00e7ocu\u011funun hayat\u0131n\u0131 kaybetti\u011fi yang\u0131na ili\u015fkin &#8216;Bilin\u00e7li taksirle birden fazla ki\u015finin \u00f6l\u00fcm\u00fcne sebep olma&#8217; su\u00e7undan yarg\u0131lanan Sinem Melisa Akcan&#8217;a (29) yerel mahkemece ceza verilmemesine ili\u015fkin karar &#8216;hukuka ayk\u0131r\u0131l\u0131k&#8217; bulunmad\u0131\u011f\u0131 gerek\u00e7esiyle istinaf mahkemesi taraf\u0131ndan onan\u0131p kesinle\u015fti.\u00a0<a href=\"https:\/\/www.cumhuriyet.com.tr\/turkiye\/izmir-deki-yanginda-5-kardes-hayatini-kaybetmisti-anneye-ceza-verilmemesi-istinafta-onandi-2476466\" target=\"_blank\" class=\"feedzy-rss-link-icon\">Read More<\/a><\/p>","protected":false},"excerpt":{"rendered":"<p>\u0130zmir&#8217;in Sel\u00e7uk il\u00e7esinde 5 \u00e7ocu\u011funun hayat\u0131n\u0131 kaybetti\u011fi yang\u0131na ili\u015fkin &#8216;Bilin\u00e7li taksirle birden fazla ki\u015finin \u00f6l\u00fcm\u00fcne sebep olma&#8217; su\u00e7undan yarg\u0131lanan Sinem Melisa Akcan&#8217;a (29) yerel mahkemece ceza verilmemesine ili\u015fkin karar &#8216;hukuka ayk\u0131r\u0131l\u0131k&#8217; bulunmad\u0131\u011f\u0131 gerek\u00e7esiyle istinaf mahkemesi taraf\u0131ndan onan\u0131p kesinle\u015fti.\u0130zmir&#8217;in Sel\u00e7uk il\u00e7esinde 5 \u00e7ocu\u011funun hayat\u0131n\u0131 kaybetti\u011fi yang\u0131na ili\u015fkin &#8216;Bilin\u00e7li taksirle birden fazla ki\u015finin \u00f6l\u00fcm\u00fcne sebep olma&#8217; su\u00e7undan [&hellip;]<\/p>\n","protected":false},"author":1,"featured_media":19342,"comment_status":"open","ping_status":"open","sticky":false,"template":"","format":"standard","meta":{"footnotes":"","_links_to":"","_links_to_target":""},"categories":[1],"tags":[],"class_list":["post-19341","post","type-post","status-publish","format-standard","has-post-thumbnail","hentry","category-haberler"],"_links":{"self":[{"href":"https:\/\/www.abchukuk.com\/index.php\/wp-json\/wp\/v2\/posts\/19341","targetHints":{"allow":["GET"]}}],"collection":[{"href":"https:\/\/www.abchukuk.com\/index.php\/wp-json\/wp\/v2\/posts"}],"about":[{"href":"https:\/\/www.abchukuk.com\/index.php\/wp-json\/wp\/v2\/types\/post"}],"author":[{"embeddable":true,"href":"https:\/\/www.abchukuk.com\/index.php\/wp-json\/wp\/v2\/users\/1"}],"replies":[{"embeddable":true,"href":"https:\/\/www.abchukuk.com\/index.php\/wp-json\/wp\/v2\/comments?post=19341"}],"version-history":[{"count":0,"href":"https:\/\/www.abchukuk.com\/index.php\/wp-json\/wp\/v2\/posts\/19341\/revisions"}],"wp:featuredmedia":[{"embeddable":true,"href":"https:\/\/www.abchukuk.com\/index.php\/wp-json\/wp\/v2\/media\/19342"}],"wp:attachment":[{"href":"https:\/\/www.abchukuk.com\/index.php\/wp-json\/wp\/v2\/media?parent=19341"}],"wp:term":[{"taxonomy":"category","embeddable":true,"href":"https:\/\/www.abchukuk.com\/index.php\/wp-json\/wp\/v2\/categories?post=19341"},{"taxonomy":"post_tag","embeddable":true,"href":"https:\/\/www.abchukuk.com\/index.php\/wp-json\/wp\/v2\/tags?post=19341"}],"curies":[{"name":"wp","href":"https:\/\/api.w.org\/{rel}","templated":true}]}}