{"id":19321,"date":"2026-02-06T07:31:00","date_gmt":"2026-02-06T07:31:00","guid":{"rendered":"https:\/\/www.abchukuk.com\/index.php\/2026\/02\/06\/dilek-imamoglunun-kardesi-ali-kaya-adliyeye-sevk-edildi\/"},"modified":"2026-02-06T07:31:00","modified_gmt":"2026-02-06T07:31:00","slug":"dilek-imamoglunun-kardesi-ali-kaya-adliyeye-sevk-edildi","status":"publish","type":"post","link":"https:\/\/www.abchukuk.com\/index.php\/2026\/02\/06\/dilek-imamoglunun-kardesi-ali-kaya-adliyeye-sevk-edildi\/","title":{"rendered":"Dilek \u0130mamo\u011flu&#8217;nun karde\u015fi Ali Kaya adliyeye sevk edildi"},"content":{"rendered":"<p>\u0130stanbul Cumhuriyet Ba\u015fsavc\u0131l\u0131\u011f\u0131 taraf\u0131ndan y\u00fcr\u00fct\u00fclen &#8216;uyu\u015fturucu&#8217; ve &#8216;fuhu\u015f&#8217; operasyonu kapsam\u0131nda g\u00f6zalt\u0131na al\u0131nan Dilek \u0130mamo\u011flu\u2019nun karde\u015fi Ali Kaya\u2019n\u0131n da aralar\u0131nda bulundu\u011fu 19 \u015f\u00fcpheli adliyeye sevk edildi.\u0130stanbul Cumhuriyet Ba\u015fsavc\u0131l\u0131\u011f\u0131 taraf\u0131ndan y\u00fcr\u00fct\u00fclen &#8216;uyu\u015fturucu&#8217; ve &#8216;fuhu\u015f&#8217; operasyonu kapsam\u0131nda g\u00f6zalt\u0131na al\u0131nan Dilek \u0130mamo\u011flu\u2019nun karde\u015fi Ali Kaya\u2019n\u0131n da aralar\u0131nda bulundu\u011fu 19 \u015f\u00fcpheli adliyeye sevk edildi.\u00a0<a href=\"https:\/\/www.cumhuriyet.com.tr\/siyaset\/dilek-imamoglu-nun-kardesi-ali-kaya-adliyeye-sevk-edildi-2476444\" target=\"_blank\" class=\"feedzy-rss-link-icon\">Read More<\/a><\/p>","protected":false},"excerpt":{"rendered":"<p>\u0130stanbul Cumhuriyet Ba\u015fsavc\u0131l\u0131\u011f\u0131 taraf\u0131ndan y\u00fcr\u00fct\u00fclen &#8216;uyu\u015fturucu&#8217; ve &#8216;fuhu\u015f&#8217; operasyonu kapsam\u0131nda g\u00f6zalt\u0131na al\u0131nan Dilek \u0130mamo\u011flu\u2019nun karde\u015fi Ali Kaya\u2019n\u0131n da aralar\u0131nda bulundu\u011fu 19 \u015f\u00fcpheli adliyeye sevk edildi.\u0130stanbul Cumhuriyet Ba\u015fsavc\u0131l\u0131\u011f\u0131 taraf\u0131ndan y\u00fcr\u00fct\u00fclen &#8216;uyu\u015fturucu&#8217; ve &#8216;fuhu\u015f&#8217; operasyonu kapsam\u0131nda g\u00f6zalt\u0131na al\u0131nan Dilek \u0130mamo\u011flu\u2019nun karde\u015fi Ali Kaya\u2019n\u0131n da aralar\u0131nda bulundu\u011fu 19 \u015f\u00fcpheli adliyeye sevk edildi.\u00a0Read More<\/p>\n","protected":false},"author":1,"featured_media":19322,"comment_status":"open","ping_status":"open","sticky":false,"template":"","format":"standard","meta":{"footnotes":"","_links_to":"","_links_to_target":""},"categories":[1],"tags":[],"class_list":["post-19321","post","type-post","status-publish","format-standard","has-post-thumbnail","hentry","category-haberler"],"_links":{"self":[{"href":"https:\/\/www.abchukuk.com\/index.php\/wp-json\/wp\/v2\/posts\/19321","targetHints":{"allow":["GET"]}}],"collection":[{"href":"https:\/\/www.abchukuk.com\/index.php\/wp-json\/wp\/v2\/posts"}],"about":[{"href":"https:\/\/www.abchukuk.com\/index.php\/wp-json\/wp\/v2\/types\/post"}],"author":[{"embeddable":true,"href":"https:\/\/www.abchukuk.com\/index.php\/wp-json\/wp\/v2\/users\/1"}],"replies":[{"embeddable":true,"href":"https:\/\/www.abchukuk.com\/index.php\/wp-json\/wp\/v2\/comments?post=19321"}],"version-history":[{"count":0,"href":"https:\/\/www.abchukuk.com\/index.php\/wp-json\/wp\/v2\/posts\/19321\/revisions"}],"wp:featuredmedia":[{"embeddable":true,"href":"https:\/\/www.abchukuk.com\/index.php\/wp-json\/wp\/v2\/media\/19322"}],"wp:attachment":[{"href":"https:\/\/www.abchukuk.com\/index.php\/wp-json\/wp\/v2\/media?parent=19321"}],"wp:term":[{"taxonomy":"category","embeddable":true,"href":"https:\/\/www.abchukuk.com\/index.php\/wp-json\/wp\/v2\/categories?post=19321"},{"taxonomy":"post_tag","embeddable":true,"href":"https:\/\/www.abchukuk.com\/index.php\/wp-json\/wp\/v2\/tags?post=19321"}],"curies":[{"name":"wp","href":"https:\/\/api.w.org\/{rel}","templated":true}]}}