{"id":19175,"date":"2026-02-04T09:43:46","date_gmt":"2026-02-04T09:43:46","guid":{"rendered":"https:\/\/www.abchukuk.com\/index.php\/2026\/02\/04\/turkiyede-bir-avukata-430-kisi-dusuyor-sayilarla-buyuyen-hukuk-egitiminde-kalite-tartismasi\/"},"modified":"2026-02-04T09:43:46","modified_gmt":"2026-02-04T09:43:46","slug":"turkiyede-bir-avukata-430-kisi-dusuyor-sayilarla-buyuyen-hukuk-egitiminde-kalite-tartismasi","status":"publish","type":"post","link":"https:\/\/www.abchukuk.com\/index.php\/2026\/02\/04\/turkiyede-bir-avukata-430-kisi-dusuyor-sayilarla-buyuyen-hukuk-egitiminde-kalite-tartismasi\/","title":{"rendered":"T\u00fcrkiye\u2019de bir avukata 430 ki\u015fi d\u00fc\u015f\u00fcyor: Say\u0131larla b\u00fcy\u00fcyen hukuk e\u011fitiminde kalite tart\u0131\u015fmas\u0131"},"content":{"rendered":"<p>Toplum \u00c7al\u0131\u015fmalar\u0131 Enstit\u00fcs\u00fc\u2019n\u00fcn &#8216;Hukuk Fak\u00fclteleri Raporu&#8217;na g\u00f6re, T\u00fcrkiye\u2019de avukat say\u0131s\u0131 26 y\u0131lda be\u015f kat artt\u0131. Hukuk fak\u00fcltelerinin ezici \u00e7o\u011funlu\u011fu son 25 y\u0131lda a\u00e7\u0131l\u0131rken, e\u011fitimde kalite ve istihdam tart\u0131\u015fmalar\u0131 derinle\u015fiyor.Toplum \u00c7al\u0131\u015fmalar\u0131 Enstit\u00fcs\u00fc\u2019n\u00fcn &#8216;Hukuk Fak\u00fclteleri Raporu&#8217;na g\u00f6re, T\u00fcrkiye\u2019de avukat say\u0131s\u0131 26 y\u0131lda be\u015f kat artt\u0131. Hukuk fak\u00fcltelerinin ezici \u00e7o\u011funlu\u011fu son 25 y\u0131lda a\u00e7\u0131l\u0131rken, e\u011fitimde kalite ve istihdam tart\u0131\u015fmalar\u0131 derinle\u015fiyor.\u00a0<a href=\"http:\/\/tr.euronews.com\/2026\/02\/04\/turkiyede-bir-avukata-430-kisi-dusuyor-sayilarla-buyuyen-hukuk-egitiminde-kalite-tartismas\" target=\"_blank\" class=\"feedzy-rss-link-icon\">Read More<\/a><\/p>","protected":false},"excerpt":{"rendered":"<p>Toplum \u00c7al\u0131\u015fmalar\u0131 Enstit\u00fcs\u00fc\u2019n\u00fcn &#8216;Hukuk Fak\u00fclteleri Raporu&#8217;na g\u00f6re, T\u00fcrkiye\u2019de avukat say\u0131s\u0131 26 y\u0131lda be\u015f kat artt\u0131. Hukuk fak\u00fcltelerinin ezici \u00e7o\u011funlu\u011fu son 25 y\u0131lda a\u00e7\u0131l\u0131rken, e\u011fitimde kalite ve istihdam tart\u0131\u015fmalar\u0131 derinle\u015fiyor.Toplum \u00c7al\u0131\u015fmalar\u0131 Enstit\u00fcs\u00fc\u2019n\u00fcn &#8216;Hukuk Fak\u00fclteleri Raporu&#8217;na g\u00f6re, T\u00fcrkiye\u2019de avukat say\u0131s\u0131 26 y\u0131lda be\u015f kat artt\u0131. Hukuk fak\u00fcltelerinin ezici \u00e7o\u011funlu\u011fu son 25 y\u0131lda a\u00e7\u0131l\u0131rken, e\u011fitimde kalite ve istihdam [&hellip;]<\/p>\n","protected":false},"author":1,"featured_media":0,"comment_status":"open","ping_status":"open","sticky":false,"template":"","format":"standard","meta":{"footnotes":"","_links_to":"","_links_to_target":""},"categories":[1],"tags":[],"class_list":["post-19175","post","type-post","status-publish","format-standard","hentry","category-haberler"],"_links":{"self":[{"href":"https:\/\/www.abchukuk.com\/index.php\/wp-json\/wp\/v2\/posts\/19175","targetHints":{"allow":["GET"]}}],"collection":[{"href":"https:\/\/www.abchukuk.com\/index.php\/wp-json\/wp\/v2\/posts"}],"about":[{"href":"https:\/\/www.abchukuk.com\/index.php\/wp-json\/wp\/v2\/types\/post"}],"author":[{"embeddable":true,"href":"https:\/\/www.abchukuk.com\/index.php\/wp-json\/wp\/v2\/users\/1"}],"replies":[{"embeddable":true,"href":"https:\/\/www.abchukuk.com\/index.php\/wp-json\/wp\/v2\/comments?post=19175"}],"version-history":[{"count":0,"href":"https:\/\/www.abchukuk.com\/index.php\/wp-json\/wp\/v2\/posts\/19175\/revisions"}],"wp:attachment":[{"href":"https:\/\/www.abchukuk.com\/index.php\/wp-json\/wp\/v2\/media?parent=19175"}],"wp:term":[{"taxonomy":"category","embeddable":true,"href":"https:\/\/www.abchukuk.com\/index.php\/wp-json\/wp\/v2\/categories?post=19175"},{"taxonomy":"post_tag","embeddable":true,"href":"https:\/\/www.abchukuk.com\/index.php\/wp-json\/wp\/v2\/tags?post=19175"}],"curies":[{"name":"wp","href":"https:\/\/api.w.org\/{rel}","templated":true}]}}