{"id":19152,"date":"2026-02-04T09:19:00","date_gmt":"2026-02-04T09:19:00","guid":{"rendered":"https:\/\/www.abchukuk.com\/index.php\/2026\/02\/04\/feyza-altunu-cocukken-istismar-eden-akrabasina-tehditten-hapis-cezasi\/"},"modified":"2026-02-04T09:19:00","modified_gmt":"2026-02-04T09:19:00","slug":"feyza-altunu-cocukken-istismar-eden-akrabasina-tehditten-hapis-cezasi","status":"publish","type":"post","link":"https:\/\/www.abchukuk.com\/index.php\/2026\/02\/04\/feyza-altunu-cocukken-istismar-eden-akrabasina-tehditten-hapis-cezasi\/","title":{"rendered":"Feyza Altun&#8217;u \u00e7ocukken istismar eden akrabas\u0131na tehditten hapis cezas\u0131"},"content":{"rendered":"<p>Avukat Feyza Altun, \u00e7ocuk ya\u015fta maruz kald\u0131\u011f\u0131 cinsel istismar\u0131 if\u015fa etmesinin ard\u0131ndan kendisini \u00f6l\u00fcmle tehdit eden iki akrabas\u0131n\u0131n hapis cezas\u0131na \u00e7arpt\u0131r\u0131ld\u0131\u011f\u0131n\u0131 duyurdu. 27 y\u0131l sonra gelen adaleti sosyal medya hesab\u0131ndan ilan eden Altun, &#8220;Azab\u0131n ben olaca\u011f\u0131m, bunu sak\u0131n unutma&#8221; s\u00f6zleriyle faillere seslendi.Avukat Feyza Altun, \u00e7ocuk ya\u015fta maruz kald\u0131\u011f\u0131 cinsel istismar\u0131 if\u015fa etmesinin ard\u0131ndan kendisini \u00f6l\u00fcmle tehdit eden iki akrabas\u0131n\u0131n hapis cezas\u0131na \u00e7arpt\u0131r\u0131ld\u0131\u011f\u0131n\u0131 duyurdu. 27 y\u0131l sonra gelen adaleti sosyal medya hesab\u0131ndan ilan eden Altun, &#8220;Azab\u0131n ben olaca\u011f\u0131m, bunu sak\u0131n unutma&#8221; s\u00f6zleriyle faillere seslendi.\u00a0<a href=\"https:\/\/www.cumhuriyet.com.tr\/turkiye\/feyza-altun-u-cocukken-istismar-eden-akrabasina-tehditten-hapis-cezasi-2475910\" target=\"_blank\" class=\"feedzy-rss-link-icon\">Read More<\/a><\/p>","protected":false},"excerpt":{"rendered":"<p>Avukat Feyza Altun, \u00e7ocuk ya\u015fta maruz kald\u0131\u011f\u0131 cinsel istismar\u0131 if\u015fa etmesinin ard\u0131ndan kendisini \u00f6l\u00fcmle tehdit eden iki akrabas\u0131n\u0131n hapis cezas\u0131na \u00e7arpt\u0131r\u0131ld\u0131\u011f\u0131n\u0131 duyurdu. 27 y\u0131l sonra gelen adaleti sosyal medya hesab\u0131ndan ilan eden Altun, &#8220;Azab\u0131n ben olaca\u011f\u0131m, bunu sak\u0131n unutma&#8221; s\u00f6zleriyle faillere seslendi.Avukat Feyza Altun, \u00e7ocuk ya\u015fta maruz kald\u0131\u011f\u0131 cinsel istismar\u0131 if\u015fa etmesinin ard\u0131ndan kendisini \u00f6l\u00fcmle [&hellip;]<\/p>\n","protected":false},"author":1,"featured_media":19153,"comment_status":"open","ping_status":"open","sticky":false,"template":"","format":"standard","meta":{"footnotes":"","_links_to":"","_links_to_target":""},"categories":[1],"tags":[],"class_list":["post-19152","post","type-post","status-publish","format-standard","has-post-thumbnail","hentry","category-haberler"],"_links":{"self":[{"href":"https:\/\/www.abchukuk.com\/index.php\/wp-json\/wp\/v2\/posts\/19152","targetHints":{"allow":["GET"]}}],"collection":[{"href":"https:\/\/www.abchukuk.com\/index.php\/wp-json\/wp\/v2\/posts"}],"about":[{"href":"https:\/\/www.abchukuk.com\/index.php\/wp-json\/wp\/v2\/types\/post"}],"author":[{"embeddable":true,"href":"https:\/\/www.abchukuk.com\/index.php\/wp-json\/wp\/v2\/users\/1"}],"replies":[{"embeddable":true,"href":"https:\/\/www.abchukuk.com\/index.php\/wp-json\/wp\/v2\/comments?post=19152"}],"version-history":[{"count":0,"href":"https:\/\/www.abchukuk.com\/index.php\/wp-json\/wp\/v2\/posts\/19152\/revisions"}],"wp:featuredmedia":[{"embeddable":true,"href":"https:\/\/www.abchukuk.com\/index.php\/wp-json\/wp\/v2\/media\/19153"}],"wp:attachment":[{"href":"https:\/\/www.abchukuk.com\/index.php\/wp-json\/wp\/v2\/media?parent=19152"}],"wp:term":[{"taxonomy":"category","embeddable":true,"href":"https:\/\/www.abchukuk.com\/index.php\/wp-json\/wp\/v2\/categories?post=19152"},{"taxonomy":"post_tag","embeddable":true,"href":"https:\/\/www.abchukuk.com\/index.php\/wp-json\/wp\/v2\/tags?post=19152"}],"curies":[{"name":"wp","href":"https:\/\/api.w.org\/{rel}","templated":true}]}}