{"id":19150,"date":"2026-02-04T09:36:44","date_gmt":"2026-02-04T09:36:44","guid":{"rendered":"https:\/\/www.abchukuk.com\/index.php\/2026\/02\/04\/savci-bicerin-6-yasindaki-oglu-piyanoda-iki-buyuk-odul-kazandi\/"},"modified":"2026-02-04T09:36:44","modified_gmt":"2026-02-04T09:36:44","slug":"savci-bicerin-6-yasindaki-oglu-piyanoda-iki-buyuk-odul-kazandi","status":"publish","type":"post","link":"https:\/\/www.abchukuk.com\/index.php\/2026\/02\/04\/savci-bicerin-6-yasindaki-oglu-piyanoda-iki-buyuk-odul-kazandi\/","title":{"rendered":"Savc\u0131 Bi\u00e7er\u2019in 6 ya\u015f\u0131ndaki o\u011flu piyanoda iki b\u00fcy\u00fck \u00f6d\u00fcl kazand\u0131"},"content":{"rendered":"<p>D\u00fczce Cumhuriyet Savc\u0131s\u0131 \u0130brahim Bi\u00e7er\u2019in 6 ya\u015f\u0131ndaki o\u011flu Mehmet Selim Bi\u00e7er, k\u00fc\u00e7\u00fck ya\u015flardan itibaren piyano e\u011fitimi almaya ba\u015flad\u0131. K\u0131sa s\u00fcrede g\u00f6sterdi\u011fi geli\u015fimle \u00f6\u011fretmenlerinin ve m\u00fczik \u00e7evrelerinin dikkatini \u00e7eken Bi\u00e7er, kat\u0131ld\u0131\u011f\u0131 yar\u0131\u015fmada sahneye \u00e7\u0131karak klasik m\u00fczi\u011fin \u00f6nemli eserlerini ba\u015far\u0131yla icra etti.<\/p>\n<p><a href=\"https:\/\/www.son.tv\/wp-content\/uploads\/2026\/02\/WhatsApp-Image-2026-02-04-at-12.33.03-1.jpeg\"><img fetchpriority=\"high\" decoding=\"async\" class=\"alignnone size-large wp-image-167122\" src=\"https:\/\/www.son.tv\/wp-content\/uploads\/2026\/02\/WhatsApp-Image-2026-02-04-at-12.33.03-1-683x1024.jpeg\" alt=\"\" width=\"683\" height=\"1024\" \/><\/a><\/p>\n<p>\u0130K\u0130 AYRI KATEGOR\u0130DE \u00dcST D\u00dcZEY BA\u015eARI<\/p>\n<p>Yar\u0131\u015fma kapsam\u0131nda yap\u0131lan de\u011ferlendirmeler sonucunda Mehmet Selim Bi\u00e7er, \u201cKlasik M\u00fczik Y\u0131ld\u0131zlar\u0131\u201d kategorisinde birincilik \u00f6d\u00fcl\u00fcne lay\u0131k g\u00f6r\u00fcld\u00fc. Ayr\u0131ca, Ludwig van Beethoven eserlerinin yorumland\u0131\u011f\u0131 \u00f6zel kategoride ise \u201cBeethoven Alt\u0131n \u00d6d\u00fcl\u00fc\u201dn\u00fc kazanarak ba\u015far\u0131s\u0131n\u0131 ta\u00e7land\u0131rd\u0131.<\/p>\n<p><a href=\"https:\/\/www.son.tv\/wp-content\/uploads\/2026\/02\/WhatsApp-Image-2026-02-04-at-12.33.03.jpeg\"><img decoding=\"async\" class=\"alignnone size-large wp-image-167124\" src=\"https:\/\/www.son.tv\/wp-content\/uploads\/2026\/02\/WhatsApp-Image-2026-02-04-at-12.33.03-606x1024.jpeg\" alt=\"\" width=\"606\" height=\"1024\" \/><\/a><\/p>\n<p>D\u00fczce Cumhuriyet Savc\u0131s\u0131 \u0130brahim Bi\u00e7er\u2019in 6 ya\u015f\u0131ndaki o\u011flu Mehmet Selim Bi\u00e7er, kat\u0131ld\u0131\u011f\u0131 uluslararas\u0131 nitelikteki klasik m\u00fczik yar\u0131\u015fmas\u0131nda \u00fcst\u00fcn performans sergileyerek iki \u00f6nemli \u00f6d\u00fcl\u00fcn sahibi oldu. K\u00fc\u00e7\u00fck ya\u015f\u0131na ra\u011fmen piyanodaki yetene\u011fiyle j\u00fcriyi etkileyen Mehmet Selim Bi\u00e7er, \u201cKlasik M\u00fczik Y\u0131ld\u0131zlar\u0131 Birincilik \u00d6d\u00fcl\u00fc\u201d ile \u201cBeethoven Alt\u0131n \u00d6d\u00fcl\u00fc\u201dn\u00fc kazanarak b\u00fcy\u00fck bir ba\u015far\u0131ya imza att\u0131. Hen\u00fcz 6 ya\u015f\u0131nda olmas\u0131na ra\u011fmen disiplinli \u00e7al\u0131\u015fmas\u0131, teknik yeterlili\u011fi ve m\u00fczikal yorum g\u00fcc\u00fcyle dikkat \u00e7eken Mehmet Selim Bi\u00e7er\u2019in elde etti\u011fi bu dereceler, hem ailesi hem de m\u00fczik camias\u0131nda takdirle kar\u015f\u0131land\u0131.\u00a0<a href=\"https:\/\/www.son.tv\/savci-bicerin-6-yasindaki-oglu-piyanoda-iki-buyuk-odul-kazandi\/\" target=\"_blank\" class=\"feedzy-rss-link-icon\">Read More<\/a><\/p>","protected":false},"excerpt":{"rendered":"<p>D\u00fczce Cumhuriyet Savc\u0131s\u0131 \u0130brahim Bi\u00e7er\u2019in 6 ya\u015f\u0131ndaki o\u011flu Mehmet Selim Bi\u00e7er, k\u00fc\u00e7\u00fck ya\u015flardan itibaren piyano e\u011fitimi almaya ba\u015flad\u0131. K\u0131sa s\u00fcrede g\u00f6sterdi\u011fi geli\u015fimle \u00f6\u011fretmenlerinin ve m\u00fczik \u00e7evrelerinin dikkatini \u00e7eken Bi\u00e7er, kat\u0131ld\u0131\u011f\u0131 yar\u0131\u015fmada sahneye \u00e7\u0131karak klasik m\u00fczi\u011fin \u00f6nemli eserlerini ba\u015far\u0131yla icra etti. \u0130K\u0130 AYRI KATEGOR\u0130DE \u00dcST D\u00dcZEY BA\u015eARI Yar\u0131\u015fma kapsam\u0131nda yap\u0131lan de\u011ferlendirmeler sonucunda Mehmet Selim Bi\u00e7er, \u201cKlasik [&hellip;]<\/p>\n","protected":false},"author":1,"featured_media":19151,"comment_status":"open","ping_status":"open","sticky":false,"template":"","format":"standard","meta":{"footnotes":"","_links_to":"","_links_to_target":""},"categories":[1],"tags":[],"class_list":["post-19150","post","type-post","status-publish","format-standard","has-post-thumbnail","hentry","category-haberler"],"_links":{"self":[{"href":"https:\/\/www.abchukuk.com\/index.php\/wp-json\/wp\/v2\/posts\/19150","targetHints":{"allow":["GET"]}}],"collection":[{"href":"https:\/\/www.abchukuk.com\/index.php\/wp-json\/wp\/v2\/posts"}],"about":[{"href":"https:\/\/www.abchukuk.com\/index.php\/wp-json\/wp\/v2\/types\/post"}],"author":[{"embeddable":true,"href":"https:\/\/www.abchukuk.com\/index.php\/wp-json\/wp\/v2\/users\/1"}],"replies":[{"embeddable":true,"href":"https:\/\/www.abchukuk.com\/index.php\/wp-json\/wp\/v2\/comments?post=19150"}],"version-history":[{"count":0,"href":"https:\/\/www.abchukuk.com\/index.php\/wp-json\/wp\/v2\/posts\/19150\/revisions"}],"wp:featuredmedia":[{"embeddable":true,"href":"https:\/\/www.abchukuk.com\/index.php\/wp-json\/wp\/v2\/media\/19151"}],"wp:attachment":[{"href":"https:\/\/www.abchukuk.com\/index.php\/wp-json\/wp\/v2\/media?parent=19150"}],"wp:term":[{"taxonomy":"category","embeddable":true,"href":"https:\/\/www.abchukuk.com\/index.php\/wp-json\/wp\/v2\/categories?post=19150"},{"taxonomy":"post_tag","embeddable":true,"href":"https:\/\/www.abchukuk.com\/index.php\/wp-json\/wp\/v2\/tags?post=19150"}],"curies":[{"name":"wp","href":"https:\/\/api.w.org\/{rel}","templated":true}]}}