{"id":19146,"date":"2026-02-04T06:13:00","date_gmt":"2026-02-04T06:13:00","guid":{"rendered":"https:\/\/www.abchukuk.com\/index.php\/2026\/02\/04\/uyusturucu-operasyonunda-yeni-dalga-dilek-imamoglunun-kardesi-ali-kaya-dahil-19-gozalti\/"},"modified":"2026-02-04T06:13:00","modified_gmt":"2026-02-04T06:13:00","slug":"uyusturucu-operasyonunda-yeni-dalga-dilek-imamoglunun-kardesi-ali-kaya-dahil-19-gozalti","status":"publish","type":"post","link":"https:\/\/www.abchukuk.com\/index.php\/2026\/02\/04\/uyusturucu-operasyonunda-yeni-dalga-dilek-imamoglunun-kardesi-ali-kaya-dahil-19-gozalti\/","title":{"rendered":"&#8216;Uyu\u015fturucu&#8217; operasyonunda yeni dalga: Dilek \u0130mamo\u011flu&#8217;nun karde\u015fi Ali Kaya dahil 19 g\u00f6zalt\u0131"},"content":{"rendered":"<p>\u0130BB Ba\u015fkan\u0131 Ekrem \u0130mamo\u011flu&#8217;nun e\u015fi Dilek \u0130mamo\u011flu&#8217;nun erkek karde\u015fi Ali Kaya, \u00fcnl\u00fclere y\u00f6nelik d\u00fczenlenen uyu\u015fturucu soru\u015fturmas\u0131 kapsam\u0131nda g\u00f6zalt\u0131na al\u0131nd\u0131. Operasyonda aralar\u0131nda sosyal medya fenomenlerinin de bulundu\u011fu 19 ki\u015fi hakk\u0131nda i\u015flem yap\u0131ld\u0131.\u0130BB Ba\u015fkan\u0131 Ekrem \u0130mamo\u011flu&#8217;nun e\u015fi Dilek \u0130mamo\u011flu&#8217;nun erkek karde\u015fi Ali Kaya, \u00fcnl\u00fclere y\u00f6nelik d\u00fczenlenen uyu\u015fturucu soru\u015fturmas\u0131 kapsam\u0131nda g\u00f6zalt\u0131na al\u0131nd\u0131. Operasyonda aralar\u0131nda sosyal medya fenomenlerinin de bulundu\u011fu 19 ki\u015fi hakk\u0131nda i\u015flem yap\u0131ld\u0131.\u00a0<a href=\"https:\/\/www.cumhuriyet.com.tr\/turkiye\/uyusturucu-operasyonunda-yeni-dalga-dilek-imamoglu-nun-kardesi-ali-kaya-dahil-19-gozalti-2475821\" target=\"_blank\" class=\"feedzy-rss-link-icon\">Read More<\/a><\/p>","protected":false},"excerpt":{"rendered":"<p>\u0130BB Ba\u015fkan\u0131 Ekrem \u0130mamo\u011flu&#8217;nun e\u015fi Dilek \u0130mamo\u011flu&#8217;nun erkek karde\u015fi Ali Kaya, \u00fcnl\u00fclere y\u00f6nelik d\u00fczenlenen uyu\u015fturucu soru\u015fturmas\u0131 kapsam\u0131nda g\u00f6zalt\u0131na al\u0131nd\u0131. Operasyonda aralar\u0131nda sosyal medya fenomenlerinin de bulundu\u011fu 19 ki\u015fi hakk\u0131nda i\u015flem yap\u0131ld\u0131.\u0130BB Ba\u015fkan\u0131 Ekrem \u0130mamo\u011flu&#8217;nun e\u015fi Dilek \u0130mamo\u011flu&#8217;nun erkek karde\u015fi Ali Kaya, \u00fcnl\u00fclere y\u00f6nelik d\u00fczenlenen uyu\u015fturucu soru\u015fturmas\u0131 kapsam\u0131nda g\u00f6zalt\u0131na al\u0131nd\u0131. Operasyonda aralar\u0131nda sosyal medya fenomenlerinin de [&hellip;]<\/p>\n","protected":false},"author":1,"featured_media":19147,"comment_status":"open","ping_status":"open","sticky":false,"template":"","format":"standard","meta":{"footnotes":"","_links_to":"","_links_to_target":""},"categories":[1],"tags":[],"class_list":["post-19146","post","type-post","status-publish","format-standard","has-post-thumbnail","hentry","category-haberler"],"_links":{"self":[{"href":"https:\/\/www.abchukuk.com\/index.php\/wp-json\/wp\/v2\/posts\/19146","targetHints":{"allow":["GET"]}}],"collection":[{"href":"https:\/\/www.abchukuk.com\/index.php\/wp-json\/wp\/v2\/posts"}],"about":[{"href":"https:\/\/www.abchukuk.com\/index.php\/wp-json\/wp\/v2\/types\/post"}],"author":[{"embeddable":true,"href":"https:\/\/www.abchukuk.com\/index.php\/wp-json\/wp\/v2\/users\/1"}],"replies":[{"embeddable":true,"href":"https:\/\/www.abchukuk.com\/index.php\/wp-json\/wp\/v2\/comments?post=19146"}],"version-history":[{"count":0,"href":"https:\/\/www.abchukuk.com\/index.php\/wp-json\/wp\/v2\/posts\/19146\/revisions"}],"wp:featuredmedia":[{"embeddable":true,"href":"https:\/\/www.abchukuk.com\/index.php\/wp-json\/wp\/v2\/media\/19147"}],"wp:attachment":[{"href":"https:\/\/www.abchukuk.com\/index.php\/wp-json\/wp\/v2\/media?parent=19146"}],"wp:term":[{"taxonomy":"category","embeddable":true,"href":"https:\/\/www.abchukuk.com\/index.php\/wp-json\/wp\/v2\/categories?post=19146"},{"taxonomy":"post_tag","embeddable":true,"href":"https:\/\/www.abchukuk.com\/index.php\/wp-json\/wp\/v2\/tags?post=19146"}],"curies":[{"name":"wp","href":"https:\/\/api.w.org\/{rel}","templated":true}]}}