{"id":19138,"date":"2026-02-04T06:36:00","date_gmt":"2026-02-04T06:36:00","guid":{"rendered":"https:\/\/www.abchukuk.com\/index.php\/2026\/02\/04\/venezueladan-abdye-diyalog-mesaji-farkliliklar-hukuk-temelinde-asilabilir\/"},"modified":"2026-02-04T06:36:00","modified_gmt":"2026-02-04T06:36:00","slug":"venezueladan-abdye-diyalog-mesaji-farkliliklar-hukuk-temelinde-asilabilir","status":"publish","type":"post","link":"https:\/\/www.abchukuk.com\/index.php\/2026\/02\/04\/venezueladan-abdye-diyalog-mesaji-farkliliklar-hukuk-temelinde-asilabilir\/","title":{"rendered":"Venezuela\u2019dan ABD\u2019ye diyalog mesaj\u0131: Farkl\u0131l\u0131klar hukuk temelinde a\u015f\u0131labilir"},"content":{"rendered":"<p>Venezuela Ge\u00e7ici Devlet Ba\u015fkan\u0131 Delcy Rodriguez, Venezuela ile ABD aras\u0131nda tarihsel bir ili\u015fki oldu\u011funu belirterek, &#8220;Farkl\u0131 bak\u0131\u015f a\u00e7\u0131lar\u0131na ve d\u00fc\u015f\u00fcncelere sahip olabiliriz ancak bu farkl\u0131l\u0131klar\u0131n uluslararas\u0131 hukuk ve \u00fclkemizin anayasas\u0131na sayg\u0131 temelinde \u00e7\u00f6z\u00fclebilece\u011fine inan\u0131yoruz&#8221; dedi.Venezuela Ge\u00e7ici Devlet Ba\u015fkan\u0131 Delcy Rodriguez, Venezuela ile ABD aras\u0131nda tarihsel bir ili\u015fki oldu\u011funu belirterek, &#8220;Farkl\u0131 bak\u0131\u015f a\u00e7\u0131lar\u0131na ve d\u00fc\u015f\u00fcncelere sahip olabiliriz ancak bu farkl\u0131l\u0131klar\u0131n uluslararas\u0131 hukuk ve \u00fclkemizin anayasas\u0131na sayg\u0131 temelinde \u00e7\u00f6z\u00fclebilece\u011fine inan\u0131yoruz&#8221; dedi.\u00a0<a href=\"https:\/\/www.cumhuriyet.com.tr\/dunya\/venezuela-dan-abd-ye-diyalog-mesaji-farkliliklar-hukuk-temelinde-asilabilir-2475836\" target=\"_blank\" class=\"feedzy-rss-link-icon\">Read More<\/a><\/p>","protected":false},"excerpt":{"rendered":"<p>Venezuela Ge\u00e7ici Devlet Ba\u015fkan\u0131 Delcy Rodriguez, Venezuela ile ABD aras\u0131nda tarihsel bir ili\u015fki oldu\u011funu belirterek, &#8220;Farkl\u0131 bak\u0131\u015f a\u00e7\u0131lar\u0131na ve d\u00fc\u015f\u00fcncelere sahip olabiliriz ancak bu farkl\u0131l\u0131klar\u0131n uluslararas\u0131 hukuk ve \u00fclkemizin anayasas\u0131na sayg\u0131 temelinde \u00e7\u00f6z\u00fclebilece\u011fine inan\u0131yoruz&#8221; dedi.Venezuela Ge\u00e7ici Devlet Ba\u015fkan\u0131 Delcy Rodriguez, Venezuela ile ABD aras\u0131nda tarihsel bir ili\u015fki oldu\u011funu belirterek, &#8220;Farkl\u0131 bak\u0131\u015f a\u00e7\u0131lar\u0131na ve d\u00fc\u015f\u00fcncelere sahip [&hellip;]<\/p>\n","protected":false},"author":1,"featured_media":19139,"comment_status":"open","ping_status":"open","sticky":false,"template":"","format":"standard","meta":{"footnotes":"","_links_to":"","_links_to_target":""},"categories":[1],"tags":[],"class_list":["post-19138","post","type-post","status-publish","format-standard","has-post-thumbnail","hentry","category-haberler"],"_links":{"self":[{"href":"https:\/\/www.abchukuk.com\/index.php\/wp-json\/wp\/v2\/posts\/19138","targetHints":{"allow":["GET"]}}],"collection":[{"href":"https:\/\/www.abchukuk.com\/index.php\/wp-json\/wp\/v2\/posts"}],"about":[{"href":"https:\/\/www.abchukuk.com\/index.php\/wp-json\/wp\/v2\/types\/post"}],"author":[{"embeddable":true,"href":"https:\/\/www.abchukuk.com\/index.php\/wp-json\/wp\/v2\/users\/1"}],"replies":[{"embeddable":true,"href":"https:\/\/www.abchukuk.com\/index.php\/wp-json\/wp\/v2\/comments?post=19138"}],"version-history":[{"count":0,"href":"https:\/\/www.abchukuk.com\/index.php\/wp-json\/wp\/v2\/posts\/19138\/revisions"}],"wp:featuredmedia":[{"embeddable":true,"href":"https:\/\/www.abchukuk.com\/index.php\/wp-json\/wp\/v2\/media\/19139"}],"wp:attachment":[{"href":"https:\/\/www.abchukuk.com\/index.php\/wp-json\/wp\/v2\/media?parent=19138"}],"wp:term":[{"taxonomy":"category","embeddable":true,"href":"https:\/\/www.abchukuk.com\/index.php\/wp-json\/wp\/v2\/categories?post=19138"},{"taxonomy":"post_tag","embeddable":true,"href":"https:\/\/www.abchukuk.com\/index.php\/wp-json\/wp\/v2\/tags?post=19138"}],"curies":[{"name":"wp","href":"https:\/\/api.w.org\/{rel}","templated":true}]}}