{"id":19137,"date":"2026-02-04T06:39:27","date_gmt":"2026-02-04T06:39:27","guid":{"rendered":"https:\/\/www.abchukuk.com\/index.php\/2026\/02\/04\/dilek-imamoglunun-kardesi-ali-kaya-gozaltina-alindi\/"},"modified":"2026-02-04T06:39:27","modified_gmt":"2026-02-04T06:39:27","slug":"dilek-imamoglunun-kardesi-ali-kaya-gozaltina-alindi","status":"publish","type":"post","link":"https:\/\/www.abchukuk.com\/index.php\/2026\/02\/04\/dilek-imamoglunun-kardesi-ali-kaya-gozaltina-alindi\/","title":{"rendered":"Dilek \u0130mamo\u011flu&#8217;nun karde\u015fi Ali Kaya g\u00f6zalt\u0131na al\u0131nd\u0131"},"content":{"rendered":"<p>\u0130stanbul&#8217;da y\u00fcr\u00fct\u00fclen uyu\u015fturucu soru\u015fturmas\u0131 kapsam\u0131nda Dilek \u0130mamo\u011flu&#8217;nun karde\u015fi Ali Kaya g\u00f6zalt\u0131na al\u0131nd\u0131. Operasyonda haklar\u0131nda g\u00f6zalt\u0131 karar\u0131 verilen 27 ki\u015fiden 19&#8217;u yakaland\u0131.\u0130stanbul&#8217;da y\u00fcr\u00fct\u00fclen uyu\u015fturucu soru\u015fturmas\u0131 kapsam\u0131nda Dilek \u0130mamo\u011flu&#8217;nun karde\u015fi Ali Kaya g\u00f6zalt\u0131na al\u0131nd\u0131. Operasyonda haklar\u0131nda g\u00f6zalt\u0131 karar\u0131 verilen 27 ki\u015fiden 19&#8217;u yakaland\u0131.\u00a0<a href=\"https:\/\/anlatilaninotesi.com.tr\/20260204\/dilek-imamoglunun-kardesi-ali-kaya-gozaltina-alindi-1103246414.html\" target=\"_blank\" class=\"feedzy-rss-link-icon\">Read More<\/a><\/p>","protected":false},"excerpt":{"rendered":"<p>\u0130stanbul&#8217;da y\u00fcr\u00fct\u00fclen uyu\u015fturucu soru\u015fturmas\u0131 kapsam\u0131nda Dilek \u0130mamo\u011flu&#8217;nun karde\u015fi Ali Kaya g\u00f6zalt\u0131na al\u0131nd\u0131. Operasyonda haklar\u0131nda g\u00f6zalt\u0131 karar\u0131 verilen 27 ki\u015fiden 19&#8217;u yakaland\u0131.\u0130stanbul&#8217;da y\u00fcr\u00fct\u00fclen uyu\u015fturucu soru\u015fturmas\u0131 kapsam\u0131nda Dilek \u0130mamo\u011flu&#8217;nun karde\u015fi Ali Kaya g\u00f6zalt\u0131na al\u0131nd\u0131. Operasyonda haklar\u0131nda g\u00f6zalt\u0131 karar\u0131 verilen 27 ki\u015fiden 19&#8217;u yakaland\u0131.\u00a0Read More<\/p>\n","protected":false},"author":1,"featured_media":0,"comment_status":"open","ping_status":"open","sticky":false,"template":"","format":"standard","meta":{"footnotes":"","_links_to":"","_links_to_target":""},"categories":[1],"tags":[],"class_list":["post-19137","post","type-post","status-publish","format-standard","hentry","category-haberler"],"_links":{"self":[{"href":"https:\/\/www.abchukuk.com\/index.php\/wp-json\/wp\/v2\/posts\/19137","targetHints":{"allow":["GET"]}}],"collection":[{"href":"https:\/\/www.abchukuk.com\/index.php\/wp-json\/wp\/v2\/posts"}],"about":[{"href":"https:\/\/www.abchukuk.com\/index.php\/wp-json\/wp\/v2\/types\/post"}],"author":[{"embeddable":true,"href":"https:\/\/www.abchukuk.com\/index.php\/wp-json\/wp\/v2\/users\/1"}],"replies":[{"embeddable":true,"href":"https:\/\/www.abchukuk.com\/index.php\/wp-json\/wp\/v2\/comments?post=19137"}],"version-history":[{"count":0,"href":"https:\/\/www.abchukuk.com\/index.php\/wp-json\/wp\/v2\/posts\/19137\/revisions"}],"wp:attachment":[{"href":"https:\/\/www.abchukuk.com\/index.php\/wp-json\/wp\/v2\/media?parent=19137"}],"wp:term":[{"taxonomy":"category","embeddable":true,"href":"https:\/\/www.abchukuk.com\/index.php\/wp-json\/wp\/v2\/categories?post=19137"},{"taxonomy":"post_tag","embeddable":true,"href":"https:\/\/www.abchukuk.com\/index.php\/wp-json\/wp\/v2\/tags?post=19137"}],"curies":[{"name":"wp","href":"https:\/\/api.w.org\/{rel}","templated":true}]}}