{"id":19132,"date":"2026-02-04T06:43:00","date_gmt":"2026-02-04T06:43:00","guid":{"rendered":"https:\/\/www.abchukuk.com\/index.php\/2026\/02\/04\/ali-kaya-kimdir-ne-is-yapiyor-dilek-imamoglunun-kardesi-ali-kaya-neden-gozaltina-alindi\/"},"modified":"2026-02-04T06:43:00","modified_gmt":"2026-02-04T06:43:00","slug":"ali-kaya-kimdir-ne-is-yapiyor-dilek-imamoglunun-kardesi-ali-kaya-neden-gozaltina-alindi","status":"publish","type":"post","link":"https:\/\/www.abchukuk.com\/index.php\/2026\/02\/04\/ali-kaya-kimdir-ne-is-yapiyor-dilek-imamoglunun-kardesi-ali-kaya-neden-gozaltina-alindi\/","title":{"rendered":"Ali Kaya kimdir, ne i\u015f yap\u0131yor? Dilek \u0130mamo\u011flu\u2019nun karde\u015fi Ali Kaya neden g\u00f6zalt\u0131na al\u0131nd\u0131?"},"content":{"rendered":"<p>\u0130BB Ba\u015fkan\u0131 Ekrem \u0130mamo\u011flu&#8217;nun e\u015fi Dilek \u0130mamo\u011flu&#8217;nun erkek karde\u015fi Ali Kaya, \u00fcnl\u00fclere y\u00f6nelik d\u00fczenlenen uyu\u015fturucu soru\u015fturmas\u0131 kapsam\u0131nda g\u00f6zalt\u0131na al\u0131nd\u0131. Peki, Ali Kaya kimdir, ne i\u015f yap\u0131yor? Dilek \u0130mamo\u011flu\u2019nun karde\u015fi Ali Kaya neden g\u00f6zalt\u0131na al\u0131nd\u0131?\u0130BB Ba\u015fkan\u0131 Ekrem \u0130mamo\u011flu&#8217;nun e\u015fi Dilek \u0130mamo\u011flu&#8217;nun erkek karde\u015fi Ali Kaya, \u00fcnl\u00fclere y\u00f6nelik d\u00fczenlenen uyu\u015fturucu soru\u015fturmas\u0131 kapsam\u0131nda g\u00f6zalt\u0131na al\u0131nd\u0131. Peki, Ali Kaya kimdir, ne i\u015f yap\u0131yor? Dilek \u0130mamo\u011flu\u2019nun karde\u015fi Ali Kaya neden g\u00f6zalt\u0131na al\u0131nd\u0131?\u00a0<a href=\"https:\/\/www.cumhuriyet.com.tr\/turkiye\/ali-kaya-kimdir-ne-is-yapiyor-dilek-imamoglu-nun-kardesi-ali-kaya-neden-gozaltina-alindi-2475841\" target=\"_blank\" class=\"feedzy-rss-link-icon\">Read More<\/a><\/p>","protected":false},"excerpt":{"rendered":"<p>\u0130BB Ba\u015fkan\u0131 Ekrem \u0130mamo\u011flu&#8217;nun e\u015fi Dilek \u0130mamo\u011flu&#8217;nun erkek karde\u015fi Ali Kaya, \u00fcnl\u00fclere y\u00f6nelik d\u00fczenlenen uyu\u015fturucu soru\u015fturmas\u0131 kapsam\u0131nda g\u00f6zalt\u0131na al\u0131nd\u0131. Peki, Ali Kaya kimdir, ne i\u015f yap\u0131yor? Dilek \u0130mamo\u011flu\u2019nun karde\u015fi Ali Kaya neden g\u00f6zalt\u0131na al\u0131nd\u0131?\u0130BB Ba\u015fkan\u0131 Ekrem \u0130mamo\u011flu&#8217;nun e\u015fi Dilek \u0130mamo\u011flu&#8217;nun erkek karde\u015fi Ali Kaya, \u00fcnl\u00fclere y\u00f6nelik d\u00fczenlenen uyu\u015fturucu soru\u015fturmas\u0131 kapsam\u0131nda g\u00f6zalt\u0131na al\u0131nd\u0131. Peki, Ali Kaya [&hellip;]<\/p>\n","protected":false},"author":1,"featured_media":19133,"comment_status":"open","ping_status":"open","sticky":false,"template":"","format":"standard","meta":{"footnotes":"","_links_to":"","_links_to_target":""},"categories":[1],"tags":[],"class_list":["post-19132","post","type-post","status-publish","format-standard","has-post-thumbnail","hentry","category-haberler"],"_links":{"self":[{"href":"https:\/\/www.abchukuk.com\/index.php\/wp-json\/wp\/v2\/posts\/19132","targetHints":{"allow":["GET"]}}],"collection":[{"href":"https:\/\/www.abchukuk.com\/index.php\/wp-json\/wp\/v2\/posts"}],"about":[{"href":"https:\/\/www.abchukuk.com\/index.php\/wp-json\/wp\/v2\/types\/post"}],"author":[{"embeddable":true,"href":"https:\/\/www.abchukuk.com\/index.php\/wp-json\/wp\/v2\/users\/1"}],"replies":[{"embeddable":true,"href":"https:\/\/www.abchukuk.com\/index.php\/wp-json\/wp\/v2\/comments?post=19132"}],"version-history":[{"count":0,"href":"https:\/\/www.abchukuk.com\/index.php\/wp-json\/wp\/v2\/posts\/19132\/revisions"}],"wp:featuredmedia":[{"embeddable":true,"href":"https:\/\/www.abchukuk.com\/index.php\/wp-json\/wp\/v2\/media\/19133"}],"wp:attachment":[{"href":"https:\/\/www.abchukuk.com\/index.php\/wp-json\/wp\/v2\/media?parent=19132"}],"wp:term":[{"taxonomy":"category","embeddable":true,"href":"https:\/\/www.abchukuk.com\/index.php\/wp-json\/wp\/v2\/categories?post=19132"},{"taxonomy":"post_tag","embeddable":true,"href":"https:\/\/www.abchukuk.com\/index.php\/wp-json\/wp\/v2\/tags?post=19132"}],"curies":[{"name":"wp","href":"https:\/\/api.w.org\/{rel}","templated":true}]}}