{"id":19116,"date":"2026-02-04T01:00:00","date_gmt":"2026-02-04T01:00:00","guid":{"rendered":"https:\/\/www.abchukuk.com\/index.php\/2026\/02\/04\/birinci-sinif-ogrencisine-taciz-iddiasina-iliskin-davada-istinaftan-tartismali-karar-saniga-beraat-anneye-ceza\/"},"modified":"2026-02-04T01:00:00","modified_gmt":"2026-02-04T01:00:00","slug":"birinci-sinif-ogrencisine-taciz-iddiasina-iliskin-davada-istinaftan-tartismali-karar-saniga-beraat-anneye-ceza","status":"publish","type":"post","link":"https:\/\/www.abchukuk.com\/index.php\/2026\/02\/04\/birinci-sinif-ogrencisine-taciz-iddiasina-iliskin-davada-istinaftan-tartismali-karar-saniga-beraat-anneye-ceza\/","title":{"rendered":"Birinci s\u0131n\u0131f \u00f6\u011frencisine taciz iddias\u0131na ili\u015fkin davada istinaftan tart\u0131\u015fmal\u0131 karar: San\u0131\u011fa beraat, anneye ceza"},"content":{"rendered":"<p>Antalya Konyaalt\u0131\u2019nda bir ilkokulda ya\u015fand\u0131\u011f\u0131 \u00f6ne s\u00fcr\u00fclen taciz iddias\u0131na ili\u015fkin davada verilen beraat karar\u0131 istinaf taraf\u0131ndan da onand\u0131. Cumhuriyet\u2019e konu\u015fan anne, dosyay\u0131 Yarg\u0131tay\u2019a ta\u015f\u0131yacaklar\u0131n\u0131 belirterek, \u201c\u00c7ocu\u011fum istismar edildi, ben cezaland\u0131r\u0131ld\u0131m\u201d dedi.Antalya Konyaalt\u0131\u2019nda bir ilkokulda ya\u015fand\u0131\u011f\u0131 \u00f6ne s\u00fcr\u00fclen taciz iddias\u0131na ili\u015fkin davada verilen beraat karar\u0131 istinaf taraf\u0131ndan da onand\u0131. Cumhuriyet\u2019e konu\u015fan anne, dosyay\u0131 Yarg\u0131tay\u2019a ta\u015f\u0131yacaklar\u0131n\u0131 belirterek, \u201c\u00c7ocu\u011fum istismar edildi, ben cezaland\u0131r\u0131ld\u0131m\u201d dedi.\u00a0<a href=\"https:\/\/www.cumhuriyet.com.tr\/turkiye\/birinci-sinif-ogrencisine-taciz-iddiasina-iliskin-davada-istinaftan-tartismali-karar-saniga-beraat-anneye-ceza-2475807\" target=\"_blank\" class=\"feedzy-rss-link-icon\">Read More<\/a><\/p>","protected":false},"excerpt":{"rendered":"<p>Antalya Konyaalt\u0131\u2019nda bir ilkokulda ya\u015fand\u0131\u011f\u0131 \u00f6ne s\u00fcr\u00fclen taciz iddias\u0131na ili\u015fkin davada verilen beraat karar\u0131 istinaf taraf\u0131ndan da onand\u0131. Cumhuriyet\u2019e konu\u015fan anne, dosyay\u0131 Yarg\u0131tay\u2019a ta\u015f\u0131yacaklar\u0131n\u0131 belirterek, \u201c\u00c7ocu\u011fum istismar edildi, ben cezaland\u0131r\u0131ld\u0131m\u201d dedi.Antalya Konyaalt\u0131\u2019nda bir ilkokulda ya\u015fand\u0131\u011f\u0131 \u00f6ne s\u00fcr\u00fclen taciz iddias\u0131na ili\u015fkin davada verilen beraat karar\u0131 istinaf taraf\u0131ndan da onand\u0131. Cumhuriyet\u2019e konu\u015fan anne, dosyay\u0131 Yarg\u0131tay\u2019a ta\u015f\u0131yacaklar\u0131n\u0131 belirterek, [&hellip;]<\/p>\n","protected":false},"author":1,"featured_media":19117,"comment_status":"open","ping_status":"open","sticky":false,"template":"","format":"standard","meta":{"footnotes":"","_links_to":"","_links_to_target":""},"categories":[1],"tags":[],"class_list":["post-19116","post","type-post","status-publish","format-standard","has-post-thumbnail","hentry","category-haberler"],"_links":{"self":[{"href":"https:\/\/www.abchukuk.com\/index.php\/wp-json\/wp\/v2\/posts\/19116","targetHints":{"allow":["GET"]}}],"collection":[{"href":"https:\/\/www.abchukuk.com\/index.php\/wp-json\/wp\/v2\/posts"}],"about":[{"href":"https:\/\/www.abchukuk.com\/index.php\/wp-json\/wp\/v2\/types\/post"}],"author":[{"embeddable":true,"href":"https:\/\/www.abchukuk.com\/index.php\/wp-json\/wp\/v2\/users\/1"}],"replies":[{"embeddable":true,"href":"https:\/\/www.abchukuk.com\/index.php\/wp-json\/wp\/v2\/comments?post=19116"}],"version-history":[{"count":0,"href":"https:\/\/www.abchukuk.com\/index.php\/wp-json\/wp\/v2\/posts\/19116\/revisions"}],"wp:featuredmedia":[{"embeddable":true,"href":"https:\/\/www.abchukuk.com\/index.php\/wp-json\/wp\/v2\/media\/19117"}],"wp:attachment":[{"href":"https:\/\/www.abchukuk.com\/index.php\/wp-json\/wp\/v2\/media?parent=19116"}],"wp:term":[{"taxonomy":"category","embeddable":true,"href":"https:\/\/www.abchukuk.com\/index.php\/wp-json\/wp\/v2\/categories?post=19116"},{"taxonomy":"post_tag","embeddable":true,"href":"https:\/\/www.abchukuk.com\/index.php\/wp-json\/wp\/v2\/tags?post=19116"}],"curies":[{"name":"wp","href":"https:\/\/api.w.org\/{rel}","templated":true}]}}