{"id":19114,"date":"2026-02-04T01:00:00","date_gmt":"2026-02-04T01:00:00","guid":{"rendered":"https:\/\/www.abchukuk.com\/index.php\/2026\/02\/04\/killik-deresi-saganak-yagmurla-birlikte-tasti-evleri-su-basan-yurttaslar-tahliye-edildi-dere-yatagina-toki-konutu\/"},"modified":"2026-02-04T01:00:00","modified_gmt":"2026-02-04T01:00:00","slug":"killik-deresi-saganak-yagmurla-birlikte-tasti-evleri-su-basan-yurttaslar-tahliye-edildi-dere-yatagina-toki-konutu","status":"publish","type":"post","link":"https:\/\/www.abchukuk.com\/index.php\/2026\/02\/04\/killik-deresi-saganak-yagmurla-birlikte-tasti-evleri-su-basan-yurttaslar-tahliye-edildi-dere-yatagina-toki-konutu\/","title":{"rendered":"Killik Deresi sa\u011fanak ya\u011fmurla birlikte ta\u015ft\u0131, evleri su basan yurtta\u015flar tahliye edildi: Dere yata\u011f\u0131na TOK\u0130 konutu"},"content":{"rendered":"<p>Gaziantep \u015eahinbey\u2019de TOK\u0130 taraf\u0131ndan yap\u0131lan konutlar selden zarar g\u00f6rd\u00fc. Dere yata\u011f\u0131 oldu\u011fu uyar\u0131lar\u0131na ra\u011fmen in\u015fa edilen evler tahliye edilirken yurtta\u015flar, ya\u015fananlar\u0131n \u201c\u00f6ng\u00f6r\u00fclebilir\u201d oldu\u011funu s\u00f6yl\u00fcyor.Gaziantep \u015eahinbey\u2019de TOK\u0130 taraf\u0131ndan yap\u0131lan konutlar selden zarar g\u00f6rd\u00fc. Dere yata\u011f\u0131 oldu\u011fu uyar\u0131lar\u0131na ra\u011fmen in\u015fa edilen evler tahliye edilirken yurtta\u015flar, ya\u015fananlar\u0131n \u201c\u00f6ng\u00f6r\u00fclebilir\u201d oldu\u011funu s\u00f6yl\u00fcyor.\u00a0<a href=\"https:\/\/www.cumhuriyet.com.tr\/turkiye\/killik-deresi-saganak-yagmurla-birlikte-tasti-evleri-su-basan-yurttaslar-tahliye-edildi-dere-yatagina-toki-konutu-2475804\" target=\"_blank\" class=\"feedzy-rss-link-icon\">Read More<\/a><\/p>","protected":false},"excerpt":{"rendered":"<p>Gaziantep \u015eahinbey\u2019de TOK\u0130 taraf\u0131ndan yap\u0131lan konutlar selden zarar g\u00f6rd\u00fc. Dere yata\u011f\u0131 oldu\u011fu uyar\u0131lar\u0131na ra\u011fmen in\u015fa edilen evler tahliye edilirken yurtta\u015flar, ya\u015fananlar\u0131n \u201c\u00f6ng\u00f6r\u00fclebilir\u201d oldu\u011funu s\u00f6yl\u00fcyor.Gaziantep \u015eahinbey\u2019de TOK\u0130 taraf\u0131ndan yap\u0131lan konutlar selden zarar g\u00f6rd\u00fc. Dere yata\u011f\u0131 oldu\u011fu uyar\u0131lar\u0131na ra\u011fmen in\u015fa edilen evler tahliye edilirken yurtta\u015flar, ya\u015fananlar\u0131n \u201c\u00f6ng\u00f6r\u00fclebilir\u201d oldu\u011funu s\u00f6yl\u00fcyor.\u00a0Read More<\/p>\n","protected":false},"author":1,"featured_media":19115,"comment_status":"open","ping_status":"open","sticky":false,"template":"","format":"standard","meta":{"footnotes":"","_links_to":"","_links_to_target":""},"categories":[1],"tags":[],"class_list":["post-19114","post","type-post","status-publish","format-standard","has-post-thumbnail","hentry","category-haberler"],"_links":{"self":[{"href":"https:\/\/www.abchukuk.com\/index.php\/wp-json\/wp\/v2\/posts\/19114","targetHints":{"allow":["GET"]}}],"collection":[{"href":"https:\/\/www.abchukuk.com\/index.php\/wp-json\/wp\/v2\/posts"}],"about":[{"href":"https:\/\/www.abchukuk.com\/index.php\/wp-json\/wp\/v2\/types\/post"}],"author":[{"embeddable":true,"href":"https:\/\/www.abchukuk.com\/index.php\/wp-json\/wp\/v2\/users\/1"}],"replies":[{"embeddable":true,"href":"https:\/\/www.abchukuk.com\/index.php\/wp-json\/wp\/v2\/comments?post=19114"}],"version-history":[{"count":0,"href":"https:\/\/www.abchukuk.com\/index.php\/wp-json\/wp\/v2\/posts\/19114\/revisions"}],"wp:featuredmedia":[{"embeddable":true,"href":"https:\/\/www.abchukuk.com\/index.php\/wp-json\/wp\/v2\/media\/19115"}],"wp:attachment":[{"href":"https:\/\/www.abchukuk.com\/index.php\/wp-json\/wp\/v2\/media?parent=19114"}],"wp:term":[{"taxonomy":"category","embeddable":true,"href":"https:\/\/www.abchukuk.com\/index.php\/wp-json\/wp\/v2\/categories?post=19114"},{"taxonomy":"post_tag","embeddable":true,"href":"https:\/\/www.abchukuk.com\/index.php\/wp-json\/wp\/v2\/tags?post=19114"}],"curies":[{"name":"wp","href":"https:\/\/api.w.org\/{rel}","templated":true}]}}