{"id":19107,"date":"2026-02-04T01:00:00","date_gmt":"2026-02-04T01:00:00","guid":{"rendered":"https:\/\/www.abchukuk.com\/index.php\/2026\/02\/04\/bakan-tunc-sorumluluk-yargi-mercilerinde-dedi-yerlikaya-henuz-yanit-vermedi-isid-sorulari-yanit-bekliyor\/"},"modified":"2026-02-04T01:00:00","modified_gmt":"2026-02-04T01:00:00","slug":"bakan-tunc-sorumluluk-yargi-mercilerinde-dedi-yerlikaya-henuz-yanit-vermedi-isid-sorulari-yanit-bekliyor","status":"publish","type":"post","link":"https:\/\/www.abchukuk.com\/index.php\/2026\/02\/04\/bakan-tunc-sorumluluk-yargi-mercilerinde-dedi-yerlikaya-henuz-yanit-vermedi-isid-sorulari-yanit-bekliyor\/","title":{"rendered":"Bakan Tun\u00e7 \u2018Sorumluluk yarg\u0131 mercilerinde\u2019 dedi, Yerlikaya hen\u00fcz yan\u0131t vermedi: I\u015e\u0130D sorular\u0131 yan\u0131t bekliyor"},"content":{"rendered":"<p>Adalet Bakan\u0131 Y\u0131lmaz Tun\u00e7, ter\u00f6r \u00f6rg\u00fct\u00fc I\u015e\u0130D\u2019e yap\u0131lan operasyonda 3 polisin \u015fehit oldu\u011fu olay sonras\u0131 kendisine y\u00f6neltilen \u201c\u00d6ld\u00fcr\u00fclen I\u015e\u0130D mensuplar\u0131ndan ka\u00e7\u0131 daha \u00f6nce tutuklanm\u0131\u015f? Son 5 y\u0131lda, I\u015e\u0130D \u00fcyesi oldu\u011fu gerek\u00e7esiyle tutuklan\u0131p tahliye edilen ka\u00e7 ki\u015fi bulunmakta?\u201d gibi sorular\u0131n hepsine kar\u015f\u0131 \u201cSorumluluk yarg\u0131 mercilerine ait\u201d yan\u0131t\u0131n\u0131 verdi. \u0130\u00e7i\u015fleri Bakan\u0131 Ali Yerlikaya ise hen\u00fcz bu konudaki \u00f6nergelere d\u00f6n\u00fc\u015f yapmad\u0131.Adalet Bakan\u0131 Y\u0131lmaz Tun\u00e7, ter\u00f6r \u00f6rg\u00fct\u00fc I\u015e\u0130D\u2019e yap\u0131lan operasyonda 3 polisin \u015fehit oldu\u011fu olay sonras\u0131 kendisine y\u00f6neltilen \u201c\u00d6ld\u00fcr\u00fclen I\u015e\u0130D mensuplar\u0131ndan ka\u00e7\u0131 daha \u00f6nce tutuklanm\u0131\u015f? Son 5 y\u0131lda, I\u015e\u0130D \u00fcyesi oldu\u011fu gerek\u00e7esiyle tutuklan\u0131p tahliye edilen ka\u00e7 ki\u015fi bulunmakta?\u201d gibi sorular\u0131n hepsine kar\u015f\u0131 \u201cSorumluluk yarg\u0131 mercilerine ait\u201d yan\u0131t\u0131n\u0131 verdi. \u0130\u00e7i\u015fleri Bakan\u0131 Ali Yerlikaya ise hen\u00fcz bu konudaki \u00f6nergelere d\u00f6n\u00fc\u015f yapmad\u0131.\u00a0<a href=\"https:\/\/www.cumhuriyet.com.tr\/turkiye\/bakan-tunc-sorumluluk-yargi-mercilerinde-dedi-yerlikaya-henuz-yanit-vermedi-isid-sorulari-yanit-bekliyor-2475739\" target=\"_blank\" class=\"feedzy-rss-link-icon\">Read More<\/a><\/p>","protected":false},"excerpt":{"rendered":"<p>Adalet Bakan\u0131 Y\u0131lmaz Tun\u00e7, ter\u00f6r \u00f6rg\u00fct\u00fc I\u015e\u0130D\u2019e yap\u0131lan operasyonda 3 polisin \u015fehit oldu\u011fu olay sonras\u0131 kendisine y\u00f6neltilen \u201c\u00d6ld\u00fcr\u00fclen I\u015e\u0130D mensuplar\u0131ndan ka\u00e7\u0131 daha \u00f6nce tutuklanm\u0131\u015f? Son 5 y\u0131lda, I\u015e\u0130D \u00fcyesi oldu\u011fu gerek\u00e7esiyle tutuklan\u0131p tahliye edilen ka\u00e7 ki\u015fi bulunmakta?\u201d gibi sorular\u0131n hepsine kar\u015f\u0131 \u201cSorumluluk yarg\u0131 mercilerine ait\u201d yan\u0131t\u0131n\u0131 verdi. \u0130\u00e7i\u015fleri Bakan\u0131 Ali Yerlikaya ise hen\u00fcz bu konudaki [&hellip;]<\/p>\n","protected":false},"author":1,"featured_media":19108,"comment_status":"open","ping_status":"open","sticky":false,"template":"","format":"standard","meta":{"footnotes":"","_links_to":"","_links_to_target":""},"categories":[1],"tags":[],"class_list":["post-19107","post","type-post","status-publish","format-standard","has-post-thumbnail","hentry","category-haberler"],"_links":{"self":[{"href":"https:\/\/www.abchukuk.com\/index.php\/wp-json\/wp\/v2\/posts\/19107","targetHints":{"allow":["GET"]}}],"collection":[{"href":"https:\/\/www.abchukuk.com\/index.php\/wp-json\/wp\/v2\/posts"}],"about":[{"href":"https:\/\/www.abchukuk.com\/index.php\/wp-json\/wp\/v2\/types\/post"}],"author":[{"embeddable":true,"href":"https:\/\/www.abchukuk.com\/index.php\/wp-json\/wp\/v2\/users\/1"}],"replies":[{"embeddable":true,"href":"https:\/\/www.abchukuk.com\/index.php\/wp-json\/wp\/v2\/comments?post=19107"}],"version-history":[{"count":0,"href":"https:\/\/www.abchukuk.com\/index.php\/wp-json\/wp\/v2\/posts\/19107\/revisions"}],"wp:featuredmedia":[{"embeddable":true,"href":"https:\/\/www.abchukuk.com\/index.php\/wp-json\/wp\/v2\/media\/19108"}],"wp:attachment":[{"href":"https:\/\/www.abchukuk.com\/index.php\/wp-json\/wp\/v2\/media?parent=19107"}],"wp:term":[{"taxonomy":"category","embeddable":true,"href":"https:\/\/www.abchukuk.com\/index.php\/wp-json\/wp\/v2\/categories?post=19107"},{"taxonomy":"post_tag","embeddable":true,"href":"https:\/\/www.abchukuk.com\/index.php\/wp-json\/wp\/v2\/tags?post=19107"}],"curies":[{"name":"wp","href":"https:\/\/api.w.org\/{rel}","templated":true}]}}