{"id":19106,"date":"2026-02-03T22:48:56","date_gmt":"2026-02-03T22:48:56","guid":{"rendered":"https:\/\/www.abchukuk.com\/index.php\/2026\/02\/03\/tunc-yaptigimiz-duzenlemelerle-kadina-yonelik-kasten-oldurme-sucunun-cezasi-agirlastirilmis-muebbet-hapis-cezasidir-3\/"},"modified":"2026-02-03T22:48:56","modified_gmt":"2026-02-03T22:48:56","slug":"tunc-yaptigimiz-duzenlemelerle-kadina-yonelik-kasten-oldurme-sucunun-cezasi-agirlastirilmis-muebbet-hapis-cezasidir-3","status":"publish","type":"post","link":"https:\/\/www.abchukuk.com\/index.php\/2026\/02\/03\/tunc-yaptigimiz-duzenlemelerle-kadina-yonelik-kasten-oldurme-sucunun-cezasi-agirlastirilmis-muebbet-hapis-cezasidir-3\/","title":{"rendered":"Tun\u00e7: Yapt\u0131\u011f\u0131m\u0131z d\u00fczenlemelerle kad\u0131na y\u00f6nelik kasten \u00f6ld\u00fcrme su\u00e7unun cezas\u0131  a\u011f\u0131rla\u015ft\u0131r\u0131lm\u0131\u015f m\u00fcebbet hapis cezas\u0131d\u0131r"},"content":{"rendered":"<p>Adalet Bakan\u0131 Tun\u00e7, Mu\u011fla&#8217;n\u0131n Milas il\u00e7esinde i\u015flenen kad\u0131n cinayetine y\u00f6nelik yapt\u0131\u011f\u0131 a\u00e7\u0131klamada e\u015fini \u00f6ld\u00fcren \u015f\u00fcphelinin yarg\u0131 \u00f6n\u00fcnde en a\u011f\u0131r yapt\u0131r\u0131mla kar\u015f\u0131la\u015faca\u011f\u0131n\u0131 bildirdi. Tun\u00e7 &#8220;Yapt\u0131\u011f\u0131m\u0131z  d\u00fczenlemelerle kad\u0131na y\u00f6nelik kasten \u00f6ld\u00fcrme su\u00e7unun cezas\u0131  a\u011f\u0131rla\u015ft\u0131r\u0131lm\u0131\u015f m\u00fcebbet hapis cezas\u0131d\u0131r&#8221; dedi.Adalet Bakan\u0131 Tun\u00e7, Mu\u011fla&#8217;n\u0131n Milas il\u00e7esinde i\u015flenen kad\u0131n cinayetine y\u00f6nelik yapt\u0131\u011f\u0131 a\u00e7\u0131klamada e\u015fini \u00f6ld\u00fcren \u015f\u00fcphelinin yarg\u0131 \u00f6n\u00fcnde en a\u011f\u0131r yapt\u0131r\u0131mla kar\u015f\u0131la\u015faca\u011f\u0131n\u0131 bildirdi. Tun\u00e7 &#8220;Yapt\u0131\u011f\u0131m\u0131z  d\u00fczenlemelerle kad\u0131na y\u00f6nelik kasten \u00f6ld\u00fcrme su\u00e7unun cezas\u0131  a\u011f\u0131rla\u015ft\u0131r\u0131lm\u0131\u015f m\u00fcebbet hapis cezas\u0131d\u0131r&#8221; dedi.\u00a0<a href=\"https:\/\/anlatilaninotesi.com.tr\/20260204\/tunc-yaptigimiz-duzenlemelerle-kadina-yonelik-kasten-oldurme-sucunun-cezasi--agirlastirilmis-1103242493.html\" target=\"_blank\" class=\"feedzy-rss-link-icon\">Read More<\/a><\/p>","protected":false},"excerpt":{"rendered":"<p>Adalet Bakan\u0131 Tun\u00e7, Mu\u011fla&#8217;n\u0131n Milas il\u00e7esinde i\u015flenen kad\u0131n cinayetine y\u00f6nelik yapt\u0131\u011f\u0131 a\u00e7\u0131klamada e\u015fini \u00f6ld\u00fcren \u015f\u00fcphelinin yarg\u0131 \u00f6n\u00fcnde en a\u011f\u0131r yapt\u0131r\u0131mla kar\u015f\u0131la\u015faca\u011f\u0131n\u0131 bildirdi. Tun\u00e7 &#8220;Yapt\u0131\u011f\u0131m\u0131z d\u00fczenlemelerle kad\u0131na y\u00f6nelik kasten \u00f6ld\u00fcrme su\u00e7unun cezas\u0131 a\u011f\u0131rla\u015ft\u0131r\u0131lm\u0131\u015f m\u00fcebbet hapis cezas\u0131d\u0131r&#8221; dedi.Adalet Bakan\u0131 Tun\u00e7, Mu\u011fla&#8217;n\u0131n Milas il\u00e7esinde i\u015flenen kad\u0131n cinayetine y\u00f6nelik yapt\u0131\u011f\u0131 a\u00e7\u0131klamada e\u015fini \u00f6ld\u00fcren \u015f\u00fcphelinin yarg\u0131 \u00f6n\u00fcnde en a\u011f\u0131r yapt\u0131r\u0131mla [&hellip;]<\/p>\n","protected":false},"author":1,"featured_media":0,"comment_status":"open","ping_status":"open","sticky":false,"template":"","format":"standard","meta":{"footnotes":"","_links_to":"","_links_to_target":""},"categories":[1],"tags":[],"class_list":["post-19106","post","type-post","status-publish","format-standard","hentry","category-haberler"],"_links":{"self":[{"href":"https:\/\/www.abchukuk.com\/index.php\/wp-json\/wp\/v2\/posts\/19106","targetHints":{"allow":["GET"]}}],"collection":[{"href":"https:\/\/www.abchukuk.com\/index.php\/wp-json\/wp\/v2\/posts"}],"about":[{"href":"https:\/\/www.abchukuk.com\/index.php\/wp-json\/wp\/v2\/types\/post"}],"author":[{"embeddable":true,"href":"https:\/\/www.abchukuk.com\/index.php\/wp-json\/wp\/v2\/users\/1"}],"replies":[{"embeddable":true,"href":"https:\/\/www.abchukuk.com\/index.php\/wp-json\/wp\/v2\/comments?post=19106"}],"version-history":[{"count":0,"href":"https:\/\/www.abchukuk.com\/index.php\/wp-json\/wp\/v2\/posts\/19106\/revisions"}],"wp:attachment":[{"href":"https:\/\/www.abchukuk.com\/index.php\/wp-json\/wp\/v2\/media?parent=19106"}],"wp:term":[{"taxonomy":"category","embeddable":true,"href":"https:\/\/www.abchukuk.com\/index.php\/wp-json\/wp\/v2\/categories?post=19106"},{"taxonomy":"post_tag","embeddable":true,"href":"https:\/\/www.abchukuk.com\/index.php\/wp-json\/wp\/v2\/tags?post=19106"}],"curies":[{"name":"wp","href":"https:\/\/api.w.org\/{rel}","templated":true}]}}