{"id":19101,"date":"2026-02-03T20:54:00","date_gmt":"2026-02-03T20:54:00","guid":{"rendered":"https:\/\/www.abchukuk.com\/index.php\/2026\/02\/03\/clintona-epstein-sorgusu-27-subatta-ifade-verecek\/"},"modified":"2026-02-03T20:54:00","modified_gmt":"2026-02-03T20:54:00","slug":"clintona-epstein-sorgusu-27-subatta-ifade-verecek","status":"publish","type":"post","link":"https:\/\/www.abchukuk.com\/index.php\/2026\/02\/03\/clintona-epstein-sorgusu-27-subatta-ifade-verecek\/","title":{"rendered":"Clinton&#8217;a Epstein sorgusu: 27 \u015eubat&#8217;ta ifade verecek"},"content":{"rendered":"<p>Eski ABD Ba\u015fkan\u0131 Bill Clinton&#8217;\u0131n, re\u015fit olmayan k\u0131z \u00e7ocuklar\u0131na y\u00f6nelik fuhu\u015f a\u011f\u0131 kurdu\u011fu iddias\u0131yla yarg\u0131land\u0131\u011f\u0131 s\u0131rada hapishanede \u00f6l\u00fc bulunan milyarder Jeffrey Epstein soru\u015fturmas\u0131 kapsam\u0131nda, 27 \u015eubat Cuma g\u00fcn\u00fc Kongre&#8217;de ifade verece\u011fi a\u00e7\u0131kland\u0131.Eski ABD Ba\u015fkan\u0131 Bill Clinton&#8217;\u0131n, re\u015fit olmayan k\u0131z \u00e7ocuklar\u0131na y\u00f6nelik fuhu\u015f a\u011f\u0131 kurdu\u011fu iddias\u0131yla yarg\u0131land\u0131\u011f\u0131 s\u0131rada hapishanede \u00f6l\u00fc bulunan milyarder Jeffrey Epstein soru\u015fturmas\u0131 kapsam\u0131nda, 27 \u015eubat Cuma g\u00fcn\u00fc Kongre&#8217;de ifade verece\u011fi a\u00e7\u0131kland\u0131.\u00a0<a href=\"https:\/\/www.dunya.com\/dunya\/clintona-epstein-sorgusu-27-subatta-ifade-verecek-haberi-813834\" target=\"_blank\" class=\"feedzy-rss-link-icon\">Read More<\/a><\/p>","protected":false},"excerpt":{"rendered":"<p>Eski ABD Ba\u015fkan\u0131 Bill Clinton&#8217;\u0131n, re\u015fit olmayan k\u0131z \u00e7ocuklar\u0131na y\u00f6nelik fuhu\u015f a\u011f\u0131 kurdu\u011fu iddias\u0131yla yarg\u0131land\u0131\u011f\u0131 s\u0131rada hapishanede \u00f6l\u00fc bulunan milyarder Jeffrey Epstein soru\u015fturmas\u0131 kapsam\u0131nda, 27 \u015eubat Cuma g\u00fcn\u00fc Kongre&#8217;de ifade verece\u011fi a\u00e7\u0131kland\u0131.Eski ABD Ba\u015fkan\u0131 Bill Clinton&#8217;\u0131n, re\u015fit olmayan k\u0131z \u00e7ocuklar\u0131na y\u00f6nelik fuhu\u015f a\u011f\u0131 kurdu\u011fu iddias\u0131yla yarg\u0131land\u0131\u011f\u0131 s\u0131rada hapishanede \u00f6l\u00fc bulunan milyarder Jeffrey Epstein soru\u015fturmas\u0131 kapsam\u0131nda, [&hellip;]<\/p>\n","protected":false},"author":1,"featured_media":19102,"comment_status":"open","ping_status":"open","sticky":false,"template":"","format":"standard","meta":{"footnotes":"","_links_to":"","_links_to_target":""},"categories":[1],"tags":[],"class_list":["post-19101","post","type-post","status-publish","format-standard","has-post-thumbnail","hentry","category-haberler"],"_links":{"self":[{"href":"https:\/\/www.abchukuk.com\/index.php\/wp-json\/wp\/v2\/posts\/19101","targetHints":{"allow":["GET"]}}],"collection":[{"href":"https:\/\/www.abchukuk.com\/index.php\/wp-json\/wp\/v2\/posts"}],"about":[{"href":"https:\/\/www.abchukuk.com\/index.php\/wp-json\/wp\/v2\/types\/post"}],"author":[{"embeddable":true,"href":"https:\/\/www.abchukuk.com\/index.php\/wp-json\/wp\/v2\/users\/1"}],"replies":[{"embeddable":true,"href":"https:\/\/www.abchukuk.com\/index.php\/wp-json\/wp\/v2\/comments?post=19101"}],"version-history":[{"count":0,"href":"https:\/\/www.abchukuk.com\/index.php\/wp-json\/wp\/v2\/posts\/19101\/revisions"}],"wp:featuredmedia":[{"embeddable":true,"href":"https:\/\/www.abchukuk.com\/index.php\/wp-json\/wp\/v2\/media\/19102"}],"wp:attachment":[{"href":"https:\/\/www.abchukuk.com\/index.php\/wp-json\/wp\/v2\/media?parent=19101"}],"wp:term":[{"taxonomy":"category","embeddable":true,"href":"https:\/\/www.abchukuk.com\/index.php\/wp-json\/wp\/v2\/categories?post=19101"},{"taxonomy":"post_tag","embeddable":true,"href":"https:\/\/www.abchukuk.com\/index.php\/wp-json\/wp\/v2\/tags?post=19101"}],"curies":[{"name":"wp","href":"https:\/\/api.w.org\/{rel}","templated":true}]}}