{"id":19093,"date":"2026-02-03T21:25:00","date_gmt":"2026-02-03T21:25:00","guid":{"rendered":"https:\/\/www.abchukuk.com\/index.php\/2026\/02\/03\/isias-otel-kamu-gorevlileri-davasi-gerekceli-karar-aciklandi-bu-buyuklukte-depremin-yakin-tarihlerde-adiyaman-ilinde-yasanmamis-olmasi-nedeniyle\/"},"modified":"2026-02-03T21:25:00","modified_gmt":"2026-02-03T21:25:00","slug":"isias-otel-kamu-gorevlileri-davasi-gerekceli-karar-aciklandi-bu-buyuklukte-depremin-yakin-tarihlerde-adiyaman-ilinde-yasanmamis-olmasi-nedeniyle","status":"publish","type":"post","link":"https:\/\/www.abchukuk.com\/index.php\/2026\/02\/03\/isias-otel-kamu-gorevlileri-davasi-gerekceli-karar-aciklandi-bu-buyuklukte-depremin-yakin-tarihlerde-adiyaman-ilinde-yasanmamis-olmasi-nedeniyle\/","title":{"rendered":"\u0130sias Otel kamu g\u00f6revlileri davas\u0131&#8230; Gerek\u00e7eli karar a\u00e7\u0131kland\u0131: Bu b\u00fcy\u00fckl\u00fckte depremin yak\u0131n tarihlerde Ad\u0131yaman ilinde ya\u015fanmam\u0131\u015f olmas\u0131 nedeniyle\u2026"},"content":{"rendered":"<p>Ad\u0131yaman 1. A\u011f\u0131r Ceza Mahkemesi, 6 \u015eubat depremlerinde y\u0131k\u0131lan ve 72 ki\u015finin ya\u015fam\u0131n\u0131 yitirdi\u011fi \u0130sias Otel&#8217;e ili\u015fkin kamu g\u00f6revlilerinin yarg\u0131land\u0131\u011f\u0131 davada gerek\u00e7eli karar\u0131n\u0131 a\u00e7\u0131klad\u0131. Mahkeme, san\u0131klar\u0131n eylemlerinin &#8220;olas\u0131 kast&#8221; de\u011fil, &#8220;bilin\u00e7li taksir&#8221; kapsam\u0131nda de\u011ferlendirilmesi gerekti\u011fine h\u00fckmetti. Gerek\u00e7eli kararda; Ad\u0131yaman&#8217;\u0131n deprem risk haritas\u0131n\u0131n zamanla az riskli b\u00f6lgeden y\u00fcksek riskli b\u00f6lgeye de\u011fi\u015fti\u011fine, 6 \u015eubat&#8217;taki 7.7 ve 7.6 b\u00fcy\u00fckl\u00fc\u011f\u00fcndeki depremlerin \u015fiddetine ve bu b\u00fcy\u00fckl\u00fckte bir depremin yak\u0131n tarihte ya\u015fanmam\u0131\u015f olmas\u0131na, san\u0131klar\u0131n \u00e7o\u011funun Ad\u0131yaman&#8217;da ikamet etmesine ve ruhsat ile yap\u0131 kullan\u0131m izni tarihleriyle deprem tarihi aras\u0131ndaki s\u00fcreye dikkat \u00e7ekildi\u011fi belirtildi. Ailelerin karar\u0131 \u0130stinaf Mahkemesi&#8217;ne ta\u015f\u0131yaca\u011f\u0131 \u00f6\u011frenildi.Ad\u0131yaman 1. A\u011f\u0131r Ceza Mahkemesi, 6 \u015eubat depremlerinde y\u0131k\u0131lan ve 72 ki\u015finin ya\u015fam\u0131n\u0131 yitirdi\u011fi \u0130sias Otel&#8217;e ili\u015fkin kamu g\u00f6revlilerinin yarg\u0131land\u0131\u011f\u0131 davada gerek\u00e7eli karar\u0131n\u0131 a\u00e7\u0131klad\u0131. Mahkeme, san\u0131klar\u0131n eylemlerinin &#8220;olas\u0131 kast&#8221; de\u011fil, &#8220;bilin\u00e7li taksir&#8221; kapsam\u0131nda de\u011ferlendirilmesi gerekti\u011fine h\u00fckmetti. Gerek\u00e7eli kararda; Ad\u0131yaman&#8217;\u0131n deprem risk haritas\u0131n\u0131n zamanla az riskli b\u00f6lgeden y\u00fcksek riskli b\u00f6lgeye de\u011fi\u015fti\u011fine, 6 \u015eubat&#8217;taki 7.7 ve 7.6 b\u00fcy\u00fckl\u00fc\u011f\u00fcndeki depremlerin \u015fiddetine ve bu b\u00fcy\u00fckl\u00fckte bir depremin yak\u0131n tarihte ya\u015fanmam\u0131\u015f olmas\u0131na, san\u0131klar\u0131n \u00e7o\u011funun Ad\u0131yaman&#8217;da ikamet etmesine ve ruhsat ile yap\u0131 kullan\u0131m izni tarihleriyle deprem tarihi aras\u0131ndaki s\u00fcreye dikkat \u00e7ekildi\u011fi belirtildi. Ailelerin karar\u0131 \u0130stinaf Mahkemesi&#8217;ne ta\u015f\u0131yaca\u011f\u0131 \u00f6\u011frenildi.\u00a0<a href=\"https:\/\/www.cumhuriyet.com.tr\/turkiye\/isias-otel-kamu-gorevlileri-davasi-gerekceli-karar-aciklandi-bu-buyuklukte-depremin-yakin-tarihlerde-adiyaman-ilinde-yasanmamis-olmasi-nedeniyle-2475794\" target=\"_blank\" class=\"feedzy-rss-link-icon\">Read More<\/a><\/p>","protected":false},"excerpt":{"rendered":"<p>Ad\u0131yaman 1. A\u011f\u0131r Ceza Mahkemesi, 6 \u015eubat depremlerinde y\u0131k\u0131lan ve 72 ki\u015finin ya\u015fam\u0131n\u0131 yitirdi\u011fi \u0130sias Otel&#8217;e ili\u015fkin kamu g\u00f6revlilerinin yarg\u0131land\u0131\u011f\u0131 davada gerek\u00e7eli karar\u0131n\u0131 a\u00e7\u0131klad\u0131. Mahkeme, san\u0131klar\u0131n eylemlerinin &#8220;olas\u0131 kast&#8221; de\u011fil, &#8220;bilin\u00e7li taksir&#8221; kapsam\u0131nda de\u011ferlendirilmesi gerekti\u011fine h\u00fckmetti. Gerek\u00e7eli kararda; Ad\u0131yaman&#8217;\u0131n deprem risk haritas\u0131n\u0131n zamanla az riskli b\u00f6lgeden y\u00fcksek riskli b\u00f6lgeye de\u011fi\u015fti\u011fine, 6 \u015eubat&#8217;taki 7.7 ve 7.6 [&hellip;]<\/p>\n","protected":false},"author":1,"featured_media":19094,"comment_status":"open","ping_status":"open","sticky":false,"template":"","format":"standard","meta":{"footnotes":"","_links_to":"","_links_to_target":""},"categories":[1],"tags":[],"class_list":["post-19093","post","type-post","status-publish","format-standard","has-post-thumbnail","hentry","category-haberler"],"_links":{"self":[{"href":"https:\/\/www.abchukuk.com\/index.php\/wp-json\/wp\/v2\/posts\/19093","targetHints":{"allow":["GET"]}}],"collection":[{"href":"https:\/\/www.abchukuk.com\/index.php\/wp-json\/wp\/v2\/posts"}],"about":[{"href":"https:\/\/www.abchukuk.com\/index.php\/wp-json\/wp\/v2\/types\/post"}],"author":[{"embeddable":true,"href":"https:\/\/www.abchukuk.com\/index.php\/wp-json\/wp\/v2\/users\/1"}],"replies":[{"embeddable":true,"href":"https:\/\/www.abchukuk.com\/index.php\/wp-json\/wp\/v2\/comments?post=19093"}],"version-history":[{"count":0,"href":"https:\/\/www.abchukuk.com\/index.php\/wp-json\/wp\/v2\/posts\/19093\/revisions"}],"wp:featuredmedia":[{"embeddable":true,"href":"https:\/\/www.abchukuk.com\/index.php\/wp-json\/wp\/v2\/media\/19094"}],"wp:attachment":[{"href":"https:\/\/www.abchukuk.com\/index.php\/wp-json\/wp\/v2\/media?parent=19093"}],"wp:term":[{"taxonomy":"category","embeddable":true,"href":"https:\/\/www.abchukuk.com\/index.php\/wp-json\/wp\/v2\/categories?post=19093"},{"taxonomy":"post_tag","embeddable":true,"href":"https:\/\/www.abchukuk.com\/index.php\/wp-json\/wp\/v2\/tags?post=19093"}],"curies":[{"name":"wp","href":"https:\/\/api.w.org\/{rel}","templated":true}]}}