{"id":19091,"date":"2026-02-03T21:47:00","date_gmt":"2026-02-03T21:47:00","guid":{"rendered":"https:\/\/www.abchukuk.com\/index.php\/2026\/02\/03\/izmirde-uvey-baba-cinsel-istismardan-28-yil-hapse-mahkum-edildi\/"},"modified":"2026-02-03T21:47:00","modified_gmt":"2026-02-03T21:47:00","slug":"izmirde-uvey-baba-cinsel-istismardan-28-yil-hapse-mahkum-edildi","status":"publish","type":"post","link":"https:\/\/www.abchukuk.com\/index.php\/2026\/02\/03\/izmirde-uvey-baba-cinsel-istismardan-28-yil-hapse-mahkum-edildi\/","title":{"rendered":"\u0130zmir&#8217;de \u00fcvey baba, cinsel istismardan 28 y\u0131l hapse mahkum edildi"},"content":{"rendered":"<p>\u0130zmir\u2019de y\u0131llarca \u00fcvey babas\u0131n\u0131n cinsel istismar\u0131na u\u011frad\u0131\u011f\u0131 belirtilen E.S\u2019nin davas\u0131nda mahkeme, san\u0131k \u00fcvey baba hakk\u0131nda 28 y\u0131l 1 ay 15 g\u00fcn hapis cezas\u0131 ve di\u011fer san\u0131k hakk\u0131nda da beraat karar\u0131 verdi.\u0130zmir\u2019de y\u0131llarca \u00fcvey babas\u0131n\u0131n cinsel istismar\u0131na u\u011frad\u0131\u011f\u0131 belirtilen E.S\u2019nin davas\u0131nda mahkeme, san\u0131k \u00fcvey baba hakk\u0131nda 28 y\u0131l 1 ay 15 g\u00fcn hapis cezas\u0131 ve di\u011fer san\u0131k hakk\u0131nda da beraat karar\u0131 verdi.\u00a0<a href=\"https:\/\/www.cumhuriyet.com.tr\/turkiye\/izmir-de-uvey-baba-cinsel-istismardan-28-yil-hapse-mahkum-edildi-2475799\" target=\"_blank\" class=\"feedzy-rss-link-icon\">Read More<\/a><\/p>","protected":false},"excerpt":{"rendered":"<p>\u0130zmir\u2019de y\u0131llarca \u00fcvey babas\u0131n\u0131n cinsel istismar\u0131na u\u011frad\u0131\u011f\u0131 belirtilen E.S\u2019nin davas\u0131nda mahkeme, san\u0131k \u00fcvey baba hakk\u0131nda 28 y\u0131l 1 ay 15 g\u00fcn hapis cezas\u0131 ve di\u011fer san\u0131k hakk\u0131nda da beraat karar\u0131 verdi.\u0130zmir\u2019de y\u0131llarca \u00fcvey babas\u0131n\u0131n cinsel istismar\u0131na u\u011frad\u0131\u011f\u0131 belirtilen E.S\u2019nin davas\u0131nda mahkeme, san\u0131k \u00fcvey baba hakk\u0131nda 28 y\u0131l 1 ay 15 g\u00fcn hapis cezas\u0131 ve di\u011fer [&hellip;]<\/p>\n","protected":false},"author":1,"featured_media":19092,"comment_status":"open","ping_status":"open","sticky":false,"template":"","format":"standard","meta":{"footnotes":"","_links_to":"","_links_to_target":""},"categories":[1],"tags":[],"class_list":["post-19091","post","type-post","status-publish","format-standard","has-post-thumbnail","hentry","category-haberler"],"_links":{"self":[{"href":"https:\/\/www.abchukuk.com\/index.php\/wp-json\/wp\/v2\/posts\/19091","targetHints":{"allow":["GET"]}}],"collection":[{"href":"https:\/\/www.abchukuk.com\/index.php\/wp-json\/wp\/v2\/posts"}],"about":[{"href":"https:\/\/www.abchukuk.com\/index.php\/wp-json\/wp\/v2\/types\/post"}],"author":[{"embeddable":true,"href":"https:\/\/www.abchukuk.com\/index.php\/wp-json\/wp\/v2\/users\/1"}],"replies":[{"embeddable":true,"href":"https:\/\/www.abchukuk.com\/index.php\/wp-json\/wp\/v2\/comments?post=19091"}],"version-history":[{"count":0,"href":"https:\/\/www.abchukuk.com\/index.php\/wp-json\/wp\/v2\/posts\/19091\/revisions"}],"wp:featuredmedia":[{"embeddable":true,"href":"https:\/\/www.abchukuk.com\/index.php\/wp-json\/wp\/v2\/media\/19092"}],"wp:attachment":[{"href":"https:\/\/www.abchukuk.com\/index.php\/wp-json\/wp\/v2\/media?parent=19091"}],"wp:term":[{"taxonomy":"category","embeddable":true,"href":"https:\/\/www.abchukuk.com\/index.php\/wp-json\/wp\/v2\/categories?post=19091"},{"taxonomy":"post_tag","embeddable":true,"href":"https:\/\/www.abchukuk.com\/index.php\/wp-json\/wp\/v2\/tags?post=19091"}],"curies":[{"name":"wp","href":"https:\/\/api.w.org\/{rel}","templated":true}]}}