{"id":19088,"date":"2026-02-03T20:06:15","date_gmt":"2026-02-03T20:06:15","guid":{"rendered":"https:\/\/www.abchukuk.com\/index.php\/2026\/02\/03\/beylikduzunde-bir-is-yerinin-onunde-asili-olan-turk-bayragini-sokerek-yerde-surukleyen-supheli-gozaltina-alindi\/"},"modified":"2026-02-03T20:06:15","modified_gmt":"2026-02-03T20:06:15","slug":"beylikduzunde-bir-is-yerinin-onunde-asili-olan-turk-bayragini-sokerek-yerde-surukleyen-supheli-gozaltina-alindi","status":"publish","type":"post","link":"https:\/\/www.abchukuk.com\/index.php\/2026\/02\/03\/beylikduzunde-bir-is-yerinin-onunde-asili-olan-turk-bayragini-sokerek-yerde-surukleyen-supheli-gozaltina-alindi\/","title":{"rendered":"Beylikd\u00fcz\u00fc&#8217;nde bir i\u015f yerinin \u00f6n\u00fcnde as\u0131l\u0131 olan T\u00fcrk bayra\u011f\u0131n\u0131 s\u00f6kerek yerde s\u00fcr\u00fckleyen \u015f\u00fcpheli g\u00f6zalt\u0131na al\u0131nd\u0131"},"content":{"rendered":"<p>\u0130stanbul Beylikd\u00fcz\u00fc&#8217;nde T\u00fcrk bayra\u011f\u0131n\u0131 s\u00f6kerek yerde s\u00fcr\u00fckleyen \u015f\u00fcpheli g\u00f6zalt\u0131na al\u0131nd\u0131. \u0130\u00e7i\u015fleri Bakan\u0131 Yerlikaya, \u0130stanbul Emniyet M\u00fcd\u00fcrl\u00fc\u011f\u00fc&#8217;n\u00fc tebrik etti\u011fini belirten bir a\u00e7\u0131klama yapt\u0131.\u0130stanbul Beylikd\u00fcz\u00fc&#8217;nde T\u00fcrk bayra\u011f\u0131n\u0131 s\u00f6kerek yerde s\u00fcr\u00fckleyen \u015f\u00fcpheli g\u00f6zalt\u0131na al\u0131nd\u0131. \u0130\u00e7i\u015fleri Bakan\u0131 Yerlikaya, \u0130stanbul Emniyet M\u00fcd\u00fcrl\u00fc\u011f\u00fc&#8217;n\u00fc tebrik etti\u011fini belirten bir a\u00e7\u0131klama yapt\u0131.\u00a0<a href=\"https:\/\/anlatilaninotesi.com.tr\/20260203\/beylikduzunde-bir-is-yerinin-onunde-asili-olan-turk-bayragini-sokerek-yerde-surukleyen-supheli-1103240283.html\" target=\"_blank\" class=\"feedzy-rss-link-icon\">Read More<\/a><\/p>","protected":false},"excerpt":{"rendered":"<p>\u0130stanbul Beylikd\u00fcz\u00fc&#8217;nde T\u00fcrk bayra\u011f\u0131n\u0131 s\u00f6kerek yerde s\u00fcr\u00fckleyen \u015f\u00fcpheli g\u00f6zalt\u0131na al\u0131nd\u0131. \u0130\u00e7i\u015fleri Bakan\u0131 Yerlikaya, \u0130stanbul Emniyet M\u00fcd\u00fcrl\u00fc\u011f\u00fc&#8217;n\u00fc tebrik etti\u011fini belirten bir a\u00e7\u0131klama yapt\u0131.\u0130stanbul Beylikd\u00fcz\u00fc&#8217;nde T\u00fcrk bayra\u011f\u0131n\u0131 s\u00f6kerek yerde s\u00fcr\u00fckleyen \u015f\u00fcpheli g\u00f6zalt\u0131na al\u0131nd\u0131. \u0130\u00e7i\u015fleri Bakan\u0131 Yerlikaya, \u0130stanbul Emniyet M\u00fcd\u00fcrl\u00fc\u011f\u00fc&#8217;n\u00fc tebrik etti\u011fini belirten bir a\u00e7\u0131klama yapt\u0131.\u00a0Read More<\/p>\n","protected":false},"author":1,"featured_media":0,"comment_status":"open","ping_status":"open","sticky":false,"template":"","format":"standard","meta":{"footnotes":"","_links_to":"","_links_to_target":""},"categories":[1],"tags":[],"class_list":["post-19088","post","type-post","status-publish","format-standard","hentry","category-haberler"],"_links":{"self":[{"href":"https:\/\/www.abchukuk.com\/index.php\/wp-json\/wp\/v2\/posts\/19088","targetHints":{"allow":["GET"]}}],"collection":[{"href":"https:\/\/www.abchukuk.com\/index.php\/wp-json\/wp\/v2\/posts"}],"about":[{"href":"https:\/\/www.abchukuk.com\/index.php\/wp-json\/wp\/v2\/types\/post"}],"author":[{"embeddable":true,"href":"https:\/\/www.abchukuk.com\/index.php\/wp-json\/wp\/v2\/users\/1"}],"replies":[{"embeddable":true,"href":"https:\/\/www.abchukuk.com\/index.php\/wp-json\/wp\/v2\/comments?post=19088"}],"version-history":[{"count":0,"href":"https:\/\/www.abchukuk.com\/index.php\/wp-json\/wp\/v2\/posts\/19088\/revisions"}],"wp:attachment":[{"href":"https:\/\/www.abchukuk.com\/index.php\/wp-json\/wp\/v2\/media?parent=19088"}],"wp:term":[{"taxonomy":"category","embeddable":true,"href":"https:\/\/www.abchukuk.com\/index.php\/wp-json\/wp\/v2\/categories?post=19088"},{"taxonomy":"post_tag","embeddable":true,"href":"https:\/\/www.abchukuk.com\/index.php\/wp-json\/wp\/v2\/tags?post=19088"}],"curies":[{"name":"wp","href":"https:\/\/api.w.org\/{rel}","templated":true}]}}