{"id":19084,"date":"2026-02-03T20:12:00","date_gmt":"2026-02-03T20:12:00","guid":{"rendered":"https:\/\/www.abchukuk.com\/index.php\/2026\/02\/03\/silahla-basindan-vurulmustu-anne-ve-2-kizina-agirlastirilmis-muebbet-hapis-talebi\/"},"modified":"2026-02-03T20:12:00","modified_gmt":"2026-02-03T20:12:00","slug":"silahla-basindan-vurulmustu-anne-ve-2-kizina-agirlastirilmis-muebbet-hapis-talebi","status":"publish","type":"post","link":"https:\/\/www.abchukuk.com\/index.php\/2026\/02\/03\/silahla-basindan-vurulmustu-anne-ve-2-kizina-agirlastirilmis-muebbet-hapis-talebi\/","title":{"rendered":"Silahla ba\u015f\u0131ndan vurulmu\u015ftu: Anne ve 2 k\u0131z\u0131na a\u011f\u0131rla\u015ft\u0131r\u0131lm\u0131\u015f m\u00fcebbet hapis talebi"},"content":{"rendered":"<p>G\u00fcng\u00f6ren&#8217;de, uyuyan babalar\u0131n\u0131 silahla \u00f6ld\u00fcrd\u00fckten sonra anneleriyle olaya intihar s\u00fcs\u00fc veren ve tutuklanan anne ile 16 ya\u015f\u0131ndaki k\u0131z\u0131na y\u00f6nelik y\u00fcr\u00fct\u00fclen soru\u015fturma tamamland\u0131. Haz\u0131rlanan iddianamede, anne ve 2 k\u0131z\u0131 hakk\u0131nda a\u011f\u0131rla\u015ft\u0131r\u0131lm\u0131\u015f m\u00fcebbet hapis cezas\u0131yla cezaland\u0131r\u0131lmas\u0131 talep edildi.G\u00fcng\u00f6ren&#8217;de, uyuyan babalar\u0131n\u0131 silahla \u00f6ld\u00fcrd\u00fckten sonra anneleriyle olaya intihar s\u00fcs\u00fc veren ve tutuklanan anne ile 16 ya\u015f\u0131ndaki k\u0131z\u0131na y\u00f6nelik y\u00fcr\u00fct\u00fclen soru\u015fturma tamamland\u0131. Haz\u0131rlanan iddianamede, anne ve 2 k\u0131z\u0131 hakk\u0131nda a\u011f\u0131rla\u015ft\u0131r\u0131lm\u0131\u015f m\u00fcebbet hapis cezas\u0131yla cezaland\u0131r\u0131lmas\u0131 talep edildi.\u00a0<a href=\"https:\/\/www.cumhuriyet.com.tr\/turkiye\/silahla-basindan-vurulmustu-anne-ve-2-kizina-agirlastirilmis-muebbet-hapis-talebi-2475767\" target=\"_blank\" class=\"feedzy-rss-link-icon\">Read More<\/a><\/p>","protected":false},"excerpt":{"rendered":"<p>G\u00fcng\u00f6ren&#8217;de, uyuyan babalar\u0131n\u0131 silahla \u00f6ld\u00fcrd\u00fckten sonra anneleriyle olaya intihar s\u00fcs\u00fc veren ve tutuklanan anne ile 16 ya\u015f\u0131ndaki k\u0131z\u0131na y\u00f6nelik y\u00fcr\u00fct\u00fclen soru\u015fturma tamamland\u0131. Haz\u0131rlanan iddianamede, anne ve 2 k\u0131z\u0131 hakk\u0131nda a\u011f\u0131rla\u015ft\u0131r\u0131lm\u0131\u015f m\u00fcebbet hapis cezas\u0131yla cezaland\u0131r\u0131lmas\u0131 talep edildi.G\u00fcng\u00f6ren&#8217;de, uyuyan babalar\u0131n\u0131 silahla \u00f6ld\u00fcrd\u00fckten sonra anneleriyle olaya intihar s\u00fcs\u00fc veren ve tutuklanan anne ile 16 ya\u015f\u0131ndaki k\u0131z\u0131na y\u00f6nelik y\u00fcr\u00fct\u00fclen [&hellip;]<\/p>\n","protected":false},"author":1,"featured_media":19085,"comment_status":"open","ping_status":"open","sticky":false,"template":"","format":"standard","meta":{"footnotes":"","_links_to":"","_links_to_target":""},"categories":[1],"tags":[],"class_list":["post-19084","post","type-post","status-publish","format-standard","has-post-thumbnail","hentry","category-haberler"],"_links":{"self":[{"href":"https:\/\/www.abchukuk.com\/index.php\/wp-json\/wp\/v2\/posts\/19084","targetHints":{"allow":["GET"]}}],"collection":[{"href":"https:\/\/www.abchukuk.com\/index.php\/wp-json\/wp\/v2\/posts"}],"about":[{"href":"https:\/\/www.abchukuk.com\/index.php\/wp-json\/wp\/v2\/types\/post"}],"author":[{"embeddable":true,"href":"https:\/\/www.abchukuk.com\/index.php\/wp-json\/wp\/v2\/users\/1"}],"replies":[{"embeddable":true,"href":"https:\/\/www.abchukuk.com\/index.php\/wp-json\/wp\/v2\/comments?post=19084"}],"version-history":[{"count":0,"href":"https:\/\/www.abchukuk.com\/index.php\/wp-json\/wp\/v2\/posts\/19084\/revisions"}],"wp:featuredmedia":[{"embeddable":true,"href":"https:\/\/www.abchukuk.com\/index.php\/wp-json\/wp\/v2\/media\/19085"}],"wp:attachment":[{"href":"https:\/\/www.abchukuk.com\/index.php\/wp-json\/wp\/v2\/media?parent=19084"}],"wp:term":[{"taxonomy":"category","embeddable":true,"href":"https:\/\/www.abchukuk.com\/index.php\/wp-json\/wp\/v2\/categories?post=19084"},{"taxonomy":"post_tag","embeddable":true,"href":"https:\/\/www.abchukuk.com\/index.php\/wp-json\/wp\/v2\/tags?post=19084"}],"curies":[{"name":"wp","href":"https:\/\/api.w.org\/{rel}","templated":true}]}}