{"id":1856,"date":"2025-08-19T11:59:56","date_gmt":"2025-08-19T11:59:56","guid":{"rendered":"http:\/\/www.lopsssdoner.com\/?p=1856"},"modified":"2025-08-19T11:59:58","modified_gmt":"2025-08-19T11:59:58","slug":"deprem-ve-hukuk","status":"publish","type":"post","link":"https:\/\/www.abchukuk.com\/index.php\/2025\/08\/19\/deprem-ve-hukuk\/","title":{"rendered":"DEPREM VE HUKUK"},"content":{"rendered":"\n<figure class=\"wp-block-table\"><table class=\"has-fixed-layout\"><tbody><tr><td><strong>OKAN G\u00d6ZEN<\/strong><\/td><\/tr><\/tbody><\/table><\/figure>\n\n\n\n<figure class=\"wp-block-table\"><table class=\"has-fixed-layout\"><tbody><tr><td><strong>DEPREM VE HUKUK<\/strong><br>\u00dclkemizde in\u015faat sekt\u00f6r\u00fcndeki ba\u015f\u0131bozukluk uzun y\u0131llardan beri \u0130n\u015faat M\u00fchendisleri Odas\u0131 y\u00f6netimleri ve \u00fcyeleri taraf\u0131ndan dile getirilmi\u015ftir. Bu konuda harcanan yo\u011fun \u00e7abalara ra\u011fmen, ge\u00e7mi\u015fte as\u0131l meslekleri in\u015faat m\u00fchendisli\u011fi olan ba\u015fbakanlar bile bu konuya duyars\u0131z kalm\u0131\u015flard\u0131r. \u00c7\u00fcnk\u00fc, politikac\u0131-yapsat\u00e7\u0131 ili\u015fkileri her zaman \u00fclke yarar\u0131ndan daha a\u011f\u0131r basm\u0131\u015ft\u0131r.<br><br>Yap\u0131lar\u0131m\u0131z\u0131n kalite denetimi 1952 y\u0131l\u0131ndan beri y\u00fcr\u00fcrl\u00fckte olan 3194 say\u0131l\u0131 kanunla konulmu\u015f olan siteme g\u00f6re denetlenmekteydi. Bu sistemin yetersiz oldu\u011fu in\u015faat m\u00fchendisleri taraf\u0131ndan y\u0131llar boyunca anlat\u0131lmaya \u00e7al\u0131\u015f\u0131lm\u0131\u015f, ama hi\u00e7 kimse inand\u0131r\u0131lamam\u0131\u015ft\u0131r.<br><br>17 A\u011fustos 1999 tarihinde, nesiller boyu s\u00fcren bu duyars\u0131zl\u0131k kafam\u0131za balyoz gibi inince, herkes &#8220;Ba\u015f\u0131m\u0131za bunlar neden geldi?&#8221; diye sormaya ba\u015flam\u0131\u015ft\u0131r. Ba\u015flang\u0131\u00e7taki \u015fa\u015fk\u0131nl\u0131kla bu sorunun cevab\u0131 yanl\u0131\u015f adreste aranm\u0131\u015f ve yakla\u015f\u0131k iki ay s\u00fcreyle TV kanallar\u0131nda jeologlar\u0131n \u015fovlar\u0131 izlenmi\u015ftir.<br><br>Bu \u015fovlar s\u0131ras\u0131nda medya sunucular\u0131n\u0131n da hi\u00e7 anlamad\u0131klar\u0131 teknik konulardaki de\u011ferli katk\u0131lar\u0131yla \u00fclkemiz halk\u0131 \u00e7ok yanl\u0131\u015f bilgilendirilmi\u015flerdir. Mesela, y\u00fczde doksan\u0131 deprem b\u00f6lgesinde bulunan \u00fclkemizde deprem b\u00f6lgelerinde \u015fehirler kurman\u0131n \u00e7ok yanl\u0131\u015f oldu\u011fu gibi sa\u00e7ma s\u00f6zler bol bol s\u00f6ylenmi\u015ftir.<br><br>Neden sonra, nas\u0131l olduysa, bu soru in\u015faat m\u00fchendislerine sorulmaya ba\u015flanm\u0131\u015f ve do\u011fru s\u00f6zler duyulmaya ba\u015flanm\u0131\u015ft\u0131r. Ama bu s\u00f6zler do\u011frular\u0131 i\u00e7ermesine ra\u011fmen halk\u0131m\u0131z taraf\u0131ndan benimsenmemi\u015ftir. \u00c7\u00fcnk\u00fc, bizim halk\u0131m\u0131z\u0131n y\u00fczde doksan\u0131 do\u011fu\u015ftan in\u015faat\u00e7\u0131d\u0131r ve in\u015faat yaparken m\u00fchendislere ihtiyac\u0131 yoktur. Ayr\u0131ca, biz do\u011fal yap\u0131m\u0131z gere\u011fi, denetlenmeyi hi\u00e7 sevmeyiz; bu denetim bizi depremde \u00f6lmekten kurtaracak olsa bile.<br><br>Herkes yap\u0131lar\u0131m\u0131z\u0131n depreme dayan\u0131kl\u0131 olmas\u0131 i\u00e7in devletin bir \u015feyler yapmas\u0131 gerekti\u011fini s\u00f6ylemi\u015f, fakat bunun maliyetinin nas\u0131l kar\u015f\u0131lanaca\u011f\u0131n\u0131 hi\u00e7 kimse d\u00fc\u015f\u00fcnmek istememi\u015ftir. Herkes bu maliyetin devlet taraf\u0131ndan kar\u015f\u0131lanmas\u0131n\u0131 beklemi\u015ftir.<br><br>Bu karma\u015fa aras\u0131nda Bay\u0131nd\u0131rl\u0131k ve \u0130skan Bakanl\u0131\u011f\u0131 yap\u0131lar\u0131n in\u015faat s\u0131ras\u0131nda denetlenmesi i\u00e7in bir sistem tasarlam\u0131\u015f ve uygulamaya koymak i\u00e7in 595 say\u0131l\u0131 Kanun H\u00fckm\u00fcnde Kararname&#8217;yi \u00e7\u0131karm\u0131\u015ft\u0131r. Bu haz\u0131rl\u0131klar s\u0131ras\u0131nda meslek kurulu\u015flar\u0131n\u0131n da g\u00f6r\u00fc\u015fleri sorulmu\u015f, fakat her kurulu\u015f konuyu ba\u015fka tarafa \u00e7ekme \u00e7abas\u0131na girince, zaman kaybetmemek amac\u0131yla Bakanl\u0131k kendi g\u00f6r\u00fc\u015f\u00fcne g\u00f6re sistemi olu\u015fturmu\u015ftur.<br><br>Y\u0131llarca denetimsiz \u00e7al\u0131\u015fmaya al\u0131\u015fm\u0131\u015f olan in\u015faat piyasas\u0131 ve onlar\u0131n b\u00fcrokrasideki uzant\u0131lar\u0131, bu yeni sisteme b\u00fcy\u00fck bir direni\u015f g\u00f6stermi\u015fler, hatta baz\u0131 meslek kurulu\u015flar\u0131 do\u011frudan engelleme \u00e7abalar\u0131na giri\u015fmi\u015flerdir. Bu denetimsiz in\u015faat piyasas\u0131n\u0131n savunuculu\u011funa soyunan ve ba\u015fkan\u0131 da in\u015faat m\u00fchendisi olan bir siyasal partimiz Anayasa Mahkemesi&#8217;ne ba\u015fvuruda bulunmu\u015f, ve bu yeni denetim sisteminin temeli olan 595 say\u0131l\u0131 KHK&#8217;nin Anayasa&#8217;ya ayk\u0131r\u0131 oldu\u011fundan dolay\u0131 iptaline karar verilmi\u015ftir.<br><br>Amac\u0131m\u0131z bu karar\u0131n hukuksal boyutunu tart\u0131\u015fmak de\u011fil. Fakat bu karar\u0131n uygulamada bize dayatt\u0131\u011f\u0131 duruma bir g\u00f6z atal\u0131m. 1952 y\u0131l\u0131ndan beri y\u00fcr\u00fcrl\u00fckte olan 3192 say\u0131l\u0131 \u0130mar Yasas\u0131, yap\u0131lar\u0131n projesine, \u015fartnamelere, fen ve sanat kurallar\u0131na uygun olarak kaliteli bir \u015fekilde yap\u0131lmas\u0131n\u0131n denetiminin sorumlulu\u011funu belediyelere veya belediye bulunmayan yerlerde m\u00fclki amirlere (Kaymakam ve muhtarlara) vermektedir. Yakla\u015f\u0131k elli y\u0131ll\u0131k bir uygulamadan sonra, bu fonksiyonlar\u0131 yerine getirmek bir yana, bu sorumlu makamlar\u0131n ruhsats\u0131z ve izinsiz in\u015faat yap\u0131lmas\u0131n\u0131 bile engelleyemedikleri veya engellemedikleri, hatta baz\u0131 resmi kurumlar\u0131n bile ruhsats\u0131z in\u015faat yapt\u0131klar\u0131 hi\u00e7 bir teredd\u00fcte yer b\u0131rakmayacak \u015fekilde g\u00f6zlenmi\u015f ve kan\u0131tlanm\u0131\u015ft\u0131r.<br><br>\u00dclkemizi 17 A\u011fustos 199 g\u00fcn\u00fc b\u00fcy\u00fck kay\u0131plara u\u011fratan bu kay\u0131ts\u0131zl\u0131k kar\u015f\u0131s\u0131nda bir \u015feyler yapmak gerekti\u011fini alg\u0131layan yetkililer yeni bir yap\u0131 denetim sistemi kurmaya \u00e7abalarken, kar\u015f\u0131lar\u0131nda en b\u00fcy\u00fck engel olarak yarg\u0131 organ\u0131n\u0131 bulmu\u015flard\u0131r. Yarg\u0131 ne i\u00e7in vard\u0131r? Yarg\u0131n\u0131n varl\u0131\u011f\u0131n\u0131n nedeni toplumda adaleti sa\u011flayarak toplumu mutlu etmek de\u011fil midir?<br><br>Peki, senin ba\u015far\u0131s\u0131zl\u0131\u011f\u0131 elli y\u0131ll\u0131k bir uygulamayla kan\u0131tlanm\u0131\u015f bir sistemi de\u011fi\u015ftirerek, bir sonraki depremde k\u0131rk bin ki\u015finin \u00f6lmesini \u00f6nlemeye hakk\u0131n ve yetkin yoktur diyen bir yarg\u0131 sistemi bu topluma nas\u0131l bir hizmet vermektedir? Almanya&#8217;da yakla\u015f\u0131k seksen y\u0131ldan beri uygulanan bir yap\u0131 denetim sisteminin benzerinin \u00fclkemizde uygulanmas\u0131na izin vermeyen bir yarg\u0131 sistemi ve onun dayatt\u0131\u011f\u0131 hukuk sistemi \u00e7a\u011f\u0131m\u0131z\u0131n gerisinde kalm\u0131\u015f say\u0131lmaz m\u0131?<br><br>Hukukun \u00fcst\u00fcnl\u00fc\u011f\u00fcne evet, fakat b\u00f6yle \u00e7a\u011f d\u0131\u015f\u0131 bir hukukun \u00fcst\u00fcnl\u00fc\u011f\u00fcne hay\u0131r. Hukuk devleti olmaya evet, fakat b\u00f6yle \u00e7a\u011f d\u0131\u015f\u0131 bir hukun devleti olmaya hay\u0131r.Okan G\u00f6zen &#8211; 10 Eyl\u00fcl 2001, Pazartesi<\/td><\/tr><\/tbody><\/table><\/figure>\n","protected":false},"excerpt":{"rendered":"<p>OKAN G\u00d6ZEN DEPREM VE HUKUK\u00dclkemizde in\u015faat sekt\u00f6r\u00fcndeki ba\u015f\u0131bozukluk uzun y\u0131llardan beri \u0130n\u015faat M\u00fchendisleri Odas\u0131 y\u00f6netimleri ve \u00fcyeleri taraf\u0131ndan dile getirilmi\u015ftir. Bu konuda harcanan yo\u011fun \u00e7abalara ra\u011fmen, ge\u00e7mi\u015fte as\u0131l meslekleri in\u015faat m\u00fchendisli\u011fi olan ba\u015fbakanlar bile bu konuya duyars\u0131z kalm\u0131\u015flard\u0131r. \u00c7\u00fcnk\u00fc, politikac\u0131-yapsat\u00e7\u0131 ili\u015fkileri her zaman \u00fclke yarar\u0131ndan daha a\u011f\u0131r basm\u0131\u015ft\u0131r. Yap\u0131lar\u0131m\u0131z\u0131n kalite denetimi 1952 y\u0131l\u0131ndan beri y\u00fcr\u00fcrl\u00fckte [&hellip;]<\/p>\n","protected":false},"author":1,"featured_media":0,"comment_status":"open","ping_status":"open","sticky":false,"template":"","format":"standard","meta":{"footnotes":"","_links_to":"","_links_to_target":""},"categories":[20],"tags":[],"class_list":["post-1856","post","type-post","status-publish","format-standard","hentry","category-makalelink"],"_links":{"self":[{"href":"https:\/\/www.abchukuk.com\/index.php\/wp-json\/wp\/v2\/posts\/1856","targetHints":{"allow":["GET"]}}],"collection":[{"href":"https:\/\/www.abchukuk.com\/index.php\/wp-json\/wp\/v2\/posts"}],"about":[{"href":"https:\/\/www.abchukuk.com\/index.php\/wp-json\/wp\/v2\/types\/post"}],"author":[{"embeddable":true,"href":"https:\/\/www.abchukuk.com\/index.php\/wp-json\/wp\/v2\/users\/1"}],"replies":[{"embeddable":true,"href":"https:\/\/www.abchukuk.com\/index.php\/wp-json\/wp\/v2\/comments?post=1856"}],"version-history":[{"count":1,"href":"https:\/\/www.abchukuk.com\/index.php\/wp-json\/wp\/v2\/posts\/1856\/revisions"}],"predecessor-version":[{"id":1857,"href":"https:\/\/www.abchukuk.com\/index.php\/wp-json\/wp\/v2\/posts\/1856\/revisions\/1857"}],"wp:attachment":[{"href":"https:\/\/www.abchukuk.com\/index.php\/wp-json\/wp\/v2\/media?parent=1856"}],"wp:term":[{"taxonomy":"category","embeddable":true,"href":"https:\/\/www.abchukuk.com\/index.php\/wp-json\/wp\/v2\/categories?post=1856"},{"taxonomy":"post_tag","embeddable":true,"href":"https:\/\/www.abchukuk.com\/index.php\/wp-json\/wp\/v2\/tags?post=1856"}],"curies":[{"name":"wp","href":"https:\/\/api.w.org\/{rel}","templated":true}]}}