{"id":18417,"date":"2026-01-26T11:16:00","date_gmt":"2026-01-26T11:16:00","guid":{"rendered":"https:\/\/www.abchukuk.com\/index.php\/2026\/01\/26\/12-yargi-paketi-meclise-geldi-mi-ne-zaman-gelecek-yeni-yargi-paketi-son-gelismeler-neler-af-gelecek-mi\/"},"modified":"2026-01-26T11:16:00","modified_gmt":"2026-01-26T11:16:00","slug":"12-yargi-paketi-meclise-geldi-mi-ne-zaman-gelecek-yeni-yargi-paketi-son-gelismeler-neler-af-gelecek-mi","status":"publish","type":"post","link":"https:\/\/www.abchukuk.com\/index.php\/2026\/01\/26\/12-yargi-paketi-meclise-geldi-mi-ne-zaman-gelecek-yeni-yargi-paketi-son-gelismeler-neler-af-gelecek-mi\/","title":{"rendered":"12. Yarg\u0131 Paketi Meclis&#8217;e geldi mi, ne zaman gelecek? Yeni yarg\u0131 paketi son geli\u015fmeler neler? Af gelecek mi?"},"content":{"rendered":"<p>12. Yarg\u0131 Paketi ile ilgili en son geli\u015fmeler yak\u0131ndan takip ediliyor. Yeni yarg\u0131 paketi \u00e7al\u0131\u015fmalar\u0131 s\u00fcrerken vatanda\u015flar yeni geli\u015fme olup olmad\u0131\u011f\u0131n\u0131 sorguluyor. Af gelip gelmeyece\u011fi de tart\u0131\u015f\u0131lan bir ba\u015fka konu&#8230; Her g\u00fcn &#8220;12. Yarg\u0131 Paketi Meclis&#8217;e ne zaman gelecek&#8221; sorusu art\u0131yor.12. Yarg\u0131 Paketi ile ilgili en son geli\u015fmeler yak\u0131ndan takip ediliyor. Yeni yarg\u0131 paketi \u00e7al\u0131\u015fmalar\u0131 s\u00fcrerken vatanda\u015flar yeni geli\u015fme olup olmad\u0131\u011f\u0131n\u0131 sorguluyor. Af gelip gelmeyece\u011fi de tart\u0131\u015f\u0131lan bir ba\u015fka konu&#8230; Her g\u00fcn &#8220;12. Yarg\u0131 Paketi Meclis&#8217;e ne zaman gelecek&#8221; sorusu art\u0131yor.\u00a0<a href=\"https:\/\/www.dunya.com\/foto-galeri\/gundem\/12-yargi-paketi-meclise-geldi-mi-ne-zaman-gelecek-yeni-yargi-paketi-son-gelismeler-neler-af-gelecek-mi-galeri-812781\" target=\"_blank\" class=\"feedzy-rss-link-icon\">Read More<\/a><\/p>","protected":false},"excerpt":{"rendered":"<p>12. Yarg\u0131 Paketi ile ilgili en son geli\u015fmeler yak\u0131ndan takip ediliyor. Yeni yarg\u0131 paketi \u00e7al\u0131\u015fmalar\u0131 s\u00fcrerken vatanda\u015flar yeni geli\u015fme olup olmad\u0131\u011f\u0131n\u0131 sorguluyor. Af gelip gelmeyece\u011fi de tart\u0131\u015f\u0131lan bir ba\u015fka konu&#8230; Her g\u00fcn &#8220;12. Yarg\u0131 Paketi Meclis&#8217;e ne zaman gelecek&#8221; sorusu art\u0131yor.12. Yarg\u0131 Paketi ile ilgili en son geli\u015fmeler yak\u0131ndan takip ediliyor. Yeni yarg\u0131 paketi \u00e7al\u0131\u015fmalar\u0131 [&hellip;]<\/p>\n","protected":false},"author":1,"featured_media":18418,"comment_status":"open","ping_status":"open","sticky":false,"template":"","format":"standard","meta":{"footnotes":"","_links_to":"","_links_to_target":""},"categories":[1],"tags":[],"class_list":["post-18417","post","type-post","status-publish","format-standard","has-post-thumbnail","hentry","category-haberler"],"_links":{"self":[{"href":"https:\/\/www.abchukuk.com\/index.php\/wp-json\/wp\/v2\/posts\/18417","targetHints":{"allow":["GET"]}}],"collection":[{"href":"https:\/\/www.abchukuk.com\/index.php\/wp-json\/wp\/v2\/posts"}],"about":[{"href":"https:\/\/www.abchukuk.com\/index.php\/wp-json\/wp\/v2\/types\/post"}],"author":[{"embeddable":true,"href":"https:\/\/www.abchukuk.com\/index.php\/wp-json\/wp\/v2\/users\/1"}],"replies":[{"embeddable":true,"href":"https:\/\/www.abchukuk.com\/index.php\/wp-json\/wp\/v2\/comments?post=18417"}],"version-history":[{"count":0,"href":"https:\/\/www.abchukuk.com\/index.php\/wp-json\/wp\/v2\/posts\/18417\/revisions"}],"wp:featuredmedia":[{"embeddable":true,"href":"https:\/\/www.abchukuk.com\/index.php\/wp-json\/wp\/v2\/media\/18418"}],"wp:attachment":[{"href":"https:\/\/www.abchukuk.com\/index.php\/wp-json\/wp\/v2\/media?parent=18417"}],"wp:term":[{"taxonomy":"category","embeddable":true,"href":"https:\/\/www.abchukuk.com\/index.php\/wp-json\/wp\/v2\/categories?post=18417"},{"taxonomy":"post_tag","embeddable":true,"href":"https:\/\/www.abchukuk.com\/index.php\/wp-json\/wp\/v2\/tags?post=18417"}],"curies":[{"name":"wp","href":"https:\/\/api.w.org\/{rel}","templated":true}]}}