{"id":18242,"date":"2026-01-23T08:55:05","date_gmt":"2026-01-23T08:55:05","guid":{"rendered":"https:\/\/www.abchukuk.com\/index.php\/2026\/01\/23\/esat-yontunc-adliyeye-sevk-edildi-2\/"},"modified":"2026-01-23T08:55:05","modified_gmt":"2026-01-23T08:55:05","slug":"esat-yontunc-adliyeye-sevk-edildi-2","status":"publish","type":"post","link":"https:\/\/www.abchukuk.com\/index.php\/2026\/01\/23\/esat-yontunc-adliyeye-sevk-edildi-2\/","title":{"rendered":"Esat Yontun\u00e7 adliyeye sevk edildi"},"content":{"rendered":"<p>Habert\u00fcrk TV&#8217;den Ceylan Sever&#8217;in haberine g\u00f6re uyu\u015fturucu soru\u015fturmas\u0131 kapsam\u0131nda, yurt d\u0131\u015f\u0131nda oldu\u011fu tespit edilen Acun Medya Genel Koordinat\u00f6r\u00fc Esat Yontun\u00e7 hakk\u0131nda yakalama karar\u0131 \u00e7\u0131kar\u0131lm\u0131\u015ft\u0131. Yontun\u00e7, Dominik Cumhuriyeti d\u00f6n\u00fc\u015f\u00fc \u0130stanbul Havaliman\u0131&#8217;nda g\u00f6zalt\u0131na al\u0131nd\u0131. Yontun\u00e7, emniyetteki i\u015flemlerinin ard\u0131ndan adliyeye sevk edildi.Habert\u00fcrk TV&#8217;den Ceylan Sever&#8217;in haberine g\u00f6re uyu\u015fturucu soru\u015fturmas\u0131 kapsam\u0131nda, yurt d\u0131\u015f\u0131nda oldu\u011fu tespit edilen Acun Medya Genel Koordinat\u00f6r\u00fc Esat Yontun\u00e7 hakk\u0131nda yakalama karar\u0131 \u00e7\u0131kar\u0131lm\u0131\u015ft\u0131. Yontun\u00e7, Dominik Cumhuriyeti d\u00f6n\u00fc\u015f\u00fc \u0130stanbul Havaliman\u0131&#8217;nda g\u00f6zalt\u0131na al\u0131nd\u0131. Yontun\u00e7, emniyetteki i\u015flemlerinin ard\u0131ndan adliyeye sevk edildi.\u00a0<a href=\"https:\/\/www.haberturk.com\/son-dakika-esat-yontunc-adliyeye-sevk-edildi-3855779\" target=\"_blank\" class=\"feedzy-rss-link-icon\">Read More<\/a><\/p>","protected":false},"excerpt":{"rendered":"<p>Habert\u00fcrk TV&#8217;den Ceylan Sever&#8217;in haberine g\u00f6re uyu\u015fturucu soru\u015fturmas\u0131 kapsam\u0131nda, yurt d\u0131\u015f\u0131nda oldu\u011fu tespit edilen Acun Medya Genel Koordinat\u00f6r\u00fc Esat Yontun\u00e7 hakk\u0131nda yakalama karar\u0131 \u00e7\u0131kar\u0131lm\u0131\u015ft\u0131. Yontun\u00e7, Dominik Cumhuriyeti d\u00f6n\u00fc\u015f\u00fc \u0130stanbul Havaliman\u0131&#8217;nda g\u00f6zalt\u0131na al\u0131nd\u0131. Yontun\u00e7, emniyetteki i\u015flemlerinin ard\u0131ndan adliyeye sevk edildi.Habert\u00fcrk TV&#8217;den Ceylan Sever&#8217;in haberine g\u00f6re uyu\u015fturucu soru\u015fturmas\u0131 kapsam\u0131nda, yurt d\u0131\u015f\u0131nda oldu\u011fu tespit edilen Acun Medya Genel [&hellip;]<\/p>\n","protected":false},"author":1,"featured_media":18177,"comment_status":"open","ping_status":"open","sticky":false,"template":"","format":"standard","meta":{"footnotes":"","_links_to":"","_links_to_target":""},"categories":[1],"tags":[],"class_list":["post-18242","post","type-post","status-publish","format-standard","has-post-thumbnail","hentry","category-haberler"],"_links":{"self":[{"href":"https:\/\/www.abchukuk.com\/index.php\/wp-json\/wp\/v2\/posts\/18242","targetHints":{"allow":["GET"]}}],"collection":[{"href":"https:\/\/www.abchukuk.com\/index.php\/wp-json\/wp\/v2\/posts"}],"about":[{"href":"https:\/\/www.abchukuk.com\/index.php\/wp-json\/wp\/v2\/types\/post"}],"author":[{"embeddable":true,"href":"https:\/\/www.abchukuk.com\/index.php\/wp-json\/wp\/v2\/users\/1"}],"replies":[{"embeddable":true,"href":"https:\/\/www.abchukuk.com\/index.php\/wp-json\/wp\/v2\/comments?post=18242"}],"version-history":[{"count":0,"href":"https:\/\/www.abchukuk.com\/index.php\/wp-json\/wp\/v2\/posts\/18242\/revisions"}],"wp:featuredmedia":[{"embeddable":true,"href":"https:\/\/www.abchukuk.com\/index.php\/wp-json\/wp\/v2\/media\/18177"}],"wp:attachment":[{"href":"https:\/\/www.abchukuk.com\/index.php\/wp-json\/wp\/v2\/media?parent=18242"}],"wp:term":[{"taxonomy":"category","embeddable":true,"href":"https:\/\/www.abchukuk.com\/index.php\/wp-json\/wp\/v2\/categories?post=18242"},{"taxonomy":"post_tag","embeddable":true,"href":"https:\/\/www.abchukuk.com\/index.php\/wp-json\/wp\/v2\/tags?post=18242"}],"curies":[{"name":"wp","href":"https:\/\/api.w.org\/{rel}","templated":true}]}}