{"id":1814,"date":"2025-08-19T11:48:07","date_gmt":"2025-08-19T11:48:07","guid":{"rendered":"http:\/\/www.lopsssdoner.com\/?p=1814"},"modified":"2025-08-19T11:48:09","modified_gmt":"2025-08-19T11:48:09","slug":"yuce-divana-sahiplenmek","status":"publish","type":"post","link":"https:\/\/www.abchukuk.com\/index.php\/2025\/08\/19\/yuce-divana-sahiplenmek\/","title":{"rendered":"Y\u00dcCE D\u0130VAN\u2019A SAH\u0130PLENMEK!"},"content":{"rendered":"\n<p><strong>\u00d6mer Faruk EM\u0130NA\u011eAO\u011eLU<\/strong><\/p>\n\n\n\n<p>\u00dclkemizde en \u00e7ok tart\u0131\u015f\u0131lan konular\u0131n birisi: Y\u00fcce Divan. Tart\u0131\u015fma, Y\u00fcce Divan g\u00f6revinin hangi merciye ait olaca\u011f\u0131 ve kimlerden olu\u015faca\u011f\u0131, g\u00f6revinin ve bu mahkemede uygulanacak usul kurallar\u0131n\u0131n ne olaca\u011f\u0131, davalar\u0131n Y\u00fcce Divan\u2019a hangi usul\u00fc takiben a\u00e7\u0131laca\u011f\u0131 noktalar\u0131nda toplanmaktad\u0131r. Ku\u015fkusuz yaz\u0131n\u0131n kapsam\u0131, bu sorunlar\u0131n tamam\u0131 de\u011fildir.<\/p>\n\n\n\n<p>Cumhurba\u015fkan\u0131, Ba\u015fbakan ve Bakanlar, Y\u00fcksek Yarg\u0131 Organlar\u0131n\u0131n&nbsp; ve Say\u0131\u015ftay\u2019\u0131n ba\u015fkan ve \u00fcyeleri hakk\u0131ndaki \u201cg\u00f6revle ilgili su\u00e7lar\u0131ndan\u201d dolay\u0131, a\u00e7\u0131lacak ceza davalar\u0131na Y\u00fcce Divan olarak bakma g\u00f6revi, 1982 Anayasas\u0131\u2019na g\u00f6re Anayasa Mahkemesi\u2019ne aittir.<\/p>\n\n\n\n<p>Y\u00fcce Divan yarg\u0131lamas\u0131, bir ceza yarg\u0131lamas\u0131d\u0131r. Ceza yarg\u0131lamas\u0131 y\u00f6n\u00fcnden Anayasa Mahkemesi\u2019nin uzman bir mahkeme oldu\u011fu, hatta \u201cY\u00fcksek Mahkeme\u201d niteli\u011finde bulundu\u011fu s\u00f6ylenemez. Ceza yarg\u0131lamas\u0131 yapan ilk derece mahkemeleri \u00fczerinde denetim g\u00f6revi olmayan ve b\u00f6yle bir yetki kullanamayan, bu konuda i\u00e7tihat bile yaratamam\u0131\u015f, ancak Y\u00fcce Divan g\u00f6revini sahiplenen bir y\u00fcksek mahkeme modeli neden \u0131srarla savunulmaktad\u0131r?<\/p>\n\n\n\n<p>G\u00f6revin ceza yarg\u0131lamas\u0131nda uzmanl\u0131\u011f\u0131 olmayan bir mahkemeye verilmesi, o mahkeme bir y\u00fcksek mahkeme olsa bile, hukuken tart\u0131\u015fma konusudur. Y\u00fcce Divan\u2019\u0131n, ceza yarg\u0131lamas\u0131nda ayr\u0131 ve \u00f6zel bir yer bulmas\u0131 kar\u015f\u0131s\u0131nda, ku\u015fkusuz bu g\u00f6revin \u00fclke hukuk sistemi y\u00f6n\u00fcnden ceza yarg\u0131lamas\u0131na y\u00f6n veren Yarg\u0131tay Ceza Genel Kurulu\u2019na verilmemesinin \u201chukuksal\u201d gerek\u00e7elerini ortaya koyabilmek m\u00fcmk\u00fcn de\u011fildir.<\/p>\n\n\n\n<p>Y\u00fcce Divan g\u00f6revine Anayasa uyar\u0131nca sahip olan Anayasa Mahkemesi, \u0131srarla bu g\u00f6revine sar\u0131lmakta, bunun i\u00e7in de baz\u0131 gerek\u00e7eler ortaya koymaktad\u0131r. Anayasa Mahkemesi\u2019nin yap\u0131s\u0131 g\u00f6zetildi\u011finde Y\u00fcce Divan, ba\u015fkanla birlikte onbir ki\u015fiden olu\u015fmaktad\u0131r. Bu onbir ki\u015fiden \u015fu an i\u00e7in yaln\u0131zca iki \u00fcye ceza hukukunda da uzman olan ki\u015filerdir. Yarg\u0131lama Kurul halinde yap\u0131ld\u0131\u011f\u0131na g\u00f6re, neden Kurul\u2019un tamam\u0131 ceza yarg\u0131lamas\u0131nda uzman olan ki\u015filerden olu\u015fmamaktad\u0131r sorusunun hukuki bir cevab\u0131 bulunmamaktad\u0131r.<\/p>\n\n\n\n<p>Y\u00fcce Divan g\u00f6revine sahip olman\u0131n Anayasa Mahkemesi taraf\u0131ndan savunulmas\u0131n\u0131n dile getirilmeyen tek gerek\u00e7esi, bu Divan\u2019da yarg\u0131lanacak ki\u015filer g\u00f6zetildi\u011finde, bu durumun Mahkemeye katt\u0131\u011f\u0131 \u201cg\u00fc\u00e7ten\u201d kaynaklanmaktad\u0131r. Yasama organ\u0131 ba\u015fkan\u0131n\u0131, y\u00fcr\u00fctme organ\u0131n\u0131n, y\u00fcksek yarg\u0131 organlar\u0131n\u0131n ve Say\u0131\u015ftay\u2019\u0131n ba\u015fkan ve \u00fcyelerini g\u00f6revle ilgili su\u00e7lar\u0131ndan dolay\u0131 yarg\u0131lamak, bu konuda di\u011fer kurumlar kar\u015f\u0131s\u0131nda \u201cg\u00fc\u00e7l\u00fc konumda bulunmak, g\u00fcc\u00fcne g\u00fc\u00e7 katmak\u201d \u015feklinde de\u011ferlendirilmektedir. \u015e\u00f6yle ki teorik de olsa, Y\u00fcce Divan ba\u015fkan\u0131n\u0131n veya \u00fcyelerinin ceza yarg\u0131lamas\u0131nda uzman olmamas\u0131n\u0131n savunulur ve anla\u015f\u0131labilir taraf\u0131 bulunmamakta; hukuk ya\u015fant\u0131s\u0131nda ceza yarg\u0131lamas\u0131 yapmam\u0131\u015f, hatta ya\u015fam\u0131nda mahkeme salonuna dahi girmemi\u015f ki\u015filerin, Y\u00fcce Divan\u2019da CMUK\u2019u uygulayarak duru\u015fma y\u00f6netebilmesini ya da duru\u015fmada bulunabilmesini, an\u0131lan Mahkemenin \u201cy\u00fcceli\u011fi\u201d ile ba\u011fda\u015ft\u0131rmak m\u00fcmk\u00fcn m\u00fcd\u00fcr? Yarg\u0131tay Ceza Genel Kurulu Ba\u015fkan\u0131n\u0131, Yarg\u0131tay Cumhuriyet Ba\u015fsavc\u0131s\u0131n\u0131 g\u00f6revle ilgili su\u00e7 nedeniyle yarg\u0131layacak mahkemenin, bu ceza yarg\u0131lamas\u0131nda kar\u015f\u0131s\u0131ndaki san\u0131k kadar uzman olmamas\u0131, gerek mahkeme, gerekse san\u0131k y\u00f6n\u00fcnden nas\u0131l bir durum ortaya \u00e7\u0131karmaktad\u0131r? B\u00f6yle bir yarg\u0131lanma adil bir yarg\u0131lanma m\u0131d\u0131r? Y\u00fcce Divan yarg\u0131lamas\u0131 da olsa, bu yarg\u0131lamada \u0130nsan Haklar\u0131 Avrupa S\u00f6zle\u015fmesi\u2019nin (\u0130HAS\u2019\u0131n) 6. maddesindeki adil yarg\u0131lanma ilkeleri ge\u00e7erli oldu\u011funa g\u00f6re, an\u0131lan durum s\u00f6zle\u015fmeye ne derece uygundur? Bu Y\u00fcce Divan\u2019a verilen mi, yoksa verilmeyen mi \u00f6nemden kaynaklanmaktad\u0131r? \u00dclkemizde \u015fu an ya\u015fanan durum bu \u015fekildedir.<\/p>\n\n\n\n<p>2949 say\u0131l\u0131 Anayasa Mahkemesinin Kurulu\u015fu ve Yarg\u0131lama Usulleri Hakk\u0131ndaki Yasa\u2019n\u0131n 39. maddesinde&nbsp;<em>\u201cBa\u015fkan, Y\u00fcce Divandaki duru\u015fman\u0131n gerekli k\u0131ld\u0131\u011f\u0131 durumlarda Devlet kurum ve kurulu\u015flar\u0131na ait ara\u00e7, gere\u00e7, stenograf ve teknik personelden yararlanmak i\u00e7in istemde bulunabilir. Bu istemler, ilgili makamlarca hemen yerine getirilir.\u201d<\/em>&nbsp;h\u00fckm\u00fc yer almakta iken, bu d\u00fczenleme yeterli g\u00f6r\u00fclmeyerek, an\u0131lan yasada da 14.7.2004 tarih ve 5221 say\u0131l\u0131 Yasa ile de\u011fi\u015fiklik yap\u0131larak&nbsp;<em>\u201c Y\u00fcce Divan s\u0131fat\u0131yla yap\u0131lan yarg\u0131laman\u0131n gerekli k\u0131ld\u0131\u011f\u0131 durumlarda genel, katma ve \u00f6zerk b\u00fct\u00e7eli dairelerde \u00e7al\u0131\u015fanlar ile h\u00e2kim, savc\u0131 ve Say\u0131\u015ftay denet\u00e7ileri ayl\u0131k, \u00f6denek, her t\u00fcrl\u00fc zam, tazminatlar ile di\u011fer mal\u00ee, sosyal hak ve yard\u0131mlar kurumlar\u0131nca \u00f6denmek kayd\u0131yla ge\u00e7ici olarak Anayasa Mahkemesinde g\u00f6revlendirilir.<\/em><em>G\u00f6revlendirme, Anayasa Mahkemesi Ba\u015fkan\u0131n\u0131n istemi \u00fczerine ilgili kurum ve kurullarca on g\u00fcn i\u00e7inde sonu\u00e7land\u0131r\u0131l\u0131r&#8230; Ge\u00e7ici olarak g\u00f6revlendirilenlere bu g\u00f6rev s\u00fcresince almakta olduklar\u0131 ayl\u0131k, \u00f6denek, zam ve tazminatlardan ayr\u0131 olarak her ay (2500) g\u00f6sterge rakam\u0131n\u0131n memur ayl\u0131klar\u0131na uygulanan ayl\u0131k katsay\u0131 ile \u00e7arp\u0131m\u0131 sonucu bulunacak miktarda ek \u00f6denek verilir.Anayasa Mahkemesi personeline, b\u00fct\u00e7e kanunlar\u0131ndaki s\u0131n\u0131rlamalara ba\u011fl\u0131 kal\u0131nmaks\u0131z\u0131n fiilen \u00f6denmekte olan fazla \u00e7al\u0131\u015fma \u00fccretleri Y\u00fcce Divan s\u0131fat\u0131yla yap\u0131lan yarg\u0131laman\u0131n sonu\u00e7lanmas\u0131na kadar iki kat\u0131 olarak \u00f6denir.\u201d<\/em>&nbsp;\u015feklindeki ek 1. madde eklenmi\u015ftir.<\/p>\n\n\n\n<p>Y\u00fcce Divan\u2019da ge\u00e7ici g\u00f6revli olarak yarg\u0131\u00e7 ve cumhuriyet savc\u0131s\u0131 ve ayr\u0131ca genel, katma ve \u00f6zerk b\u00fct\u00e7eli kurulu\u015flarda \u00e7al\u0131\u015fanlar ile Say\u0131\u015ftay denet\u00e7ilerinin \u00e7al\u0131\u015ft\u0131r\u0131labilece\u011fi h\u00fckme ba\u011flanm\u0131\u015f, bu g\u00f6rev s\u00fcresince \u00f6zl\u00fck haklar\u0131 konusunda da d\u00fczenleme yap\u0131lm\u0131\u015ft\u0131r.&nbsp; Bu yasa ve yasaya dayan\u0131larak yap\u0131lacak g\u00f6revlendirmeler nedeniyle, Anayasa ve \u0130HAS y\u00f6n\u00fcnden baz\u0131 hukuksal sorular\u0131n ortaya \u00e7\u0131kaca\u011f\u0131 ku\u015fkusuzdur.<br>Y\u00fcce Divan yarg\u0131lamas\u0131n\u0131, Anayasa Mahkemesi ba\u015fkan ve \u00fcyeleri kurul olarak yapmaktad\u0131r. \u0130lk derece niteli\u011findeki bu yarg\u0131lamada, kan\u0131tlarla do\u011frudan do\u011fruyal\u0131k, y\u00fczy\u00fczelik ilkesi uyar\u0131nca, kurulun do\u011frudan temasta olmas\u0131, yani yarg\u0131lamay\u0131 b\u00fct\u00fcn\u00fcyle kurulun yapmas\u0131 ve y\u00fcr\u00fctmesi olan ve de olmas\u0131 gereken bir durumdur. O halde, Y\u00fcce Divan\u2019da ge\u00e7ici g\u00f6revli yarg\u0131\u00e7 ve cumhuriyet savc\u0131lar\u0131n\u0131n g\u00f6revi nedir, bu ki\u015filer hangi a\u015famada ve ne \u015fekilde g\u00f6rev \u00fcstleneceklerdir, yarg\u0131lamada yer alamayacaklar\u0131na g\u00f6re, yarg\u0131lama d\u0131\u015f\u0131nda sufl\u00f6rl\u00fck m\u00fc yapacaklard\u0131r? Y\u00fcce Divan\u2019da ne g\u00f6revi \u00fcstleneceklerdir? Kalem i\u015fleri ile g\u00f6revli olmayacaklar\u0131na g\u00f6re, gelecek duru\u015fmalar\u0131n provalar\u0131n\u0131 m\u0131 yapacaklard\u0131r?&nbsp; Bu ki\u015filerin Y\u00fcce Divan\u2019da g\u00f6revlendirilmeleri, Y\u00fcce Divan\u2019\u0131n ceza hukukunda uzman olmamas\u0131n\u0131n kabul ve itiraf\u0131 m\u0131d\u0131r? G\u00f6r\u00fclmekte olan davalar hakk\u0131nda tavsiye ve telkin yasa\u011f\u0131, ayn\u0131 zamanda yarg\u0131lamay\u0131 yapan heyette yer almayan ki\u015filer i\u00e7in de s\u00f6z konusudur. O zaman bu ge\u00e7ici yarg\u0131\u00e7 ve cumhuriyet savc\u0131lar\u0131 yarg\u0131lamada ne yapacaklard\u0131r?<\/p>\n\n\n\n<p>Kald\u0131 ki bir ceza yarg\u0131lamas\u0131nda, olaydan sonra ve de ge\u00e7ici olarak g\u00f6revlendirilen yarg\u0131\u00e7 ve cumhuriyet savc\u0131lar\u0131n\u0131n varl\u0131\u011f\u0131, evrensel normlar y\u00f6n\u00fcnden nas\u0131l savunulabilir? Do\u011fal ve yasal yarg\u0131\u00e7 ilkesi g\u00f6zetildi\u011finde, ge\u00e7ici olarak ve sadece olay i\u00e7in g\u00f6revlendirmenin hukuki dayana\u011f\u0131 olabilir mi? G\u00f6revlendirme Y\u00fcce Divan Ba\u015fkan\u0131\u2019n\u0131n iste\u011fi \u00fczerine HSYK taraf\u0131ndan yap\u0131lmaktad\u0131r. Bu ge\u00e7ici g\u00f6rev s\u00fcrecinde \u00f6zl\u00fck haklar\u0131ndaki farkl\u0131l\u0131k, ge\u00e7ici g\u00f6revli ki\u015fileri, bu talepleri yapan mahkeme ba\u015fkan\u0131na kar\u015f\u0131 ne derece ba\u011f\u0131ms\u0131z k\u0131lmaktad\u0131r? O halde, ba\u015fkana ba\u011fl\u0131 bir yap\u0131lanma olu\u015fturulmas\u0131, mahkemenin tarafs\u0131zl\u0131\u011f\u0131 y\u00f6n\u00fcnden nas\u0131l de\u011ferlendirilebilir?<\/p>\n\n\n\n<p>Y\u00fcce Divan yarg\u0131lamas\u0131nda raport\u00f6r yarg\u0131\u00e7 kullan\u0131lmas\u0131, bu yarg\u0131laman\u0131n ilk derece yarg\u0131lamas\u0131 niteli\u011finin bulunmas\u0131 nedeniyle, ancak yarg\u0131lamay\u0131 yapan kurul i\u00e7erisinden m\u00fcmk\u00fcnd\u00fcr. Anayasa Mahkemesi raport\u00f6rlerinin ya da bu \u015fekilde ge\u00e7ici olarak g\u00f6revlendirilen yarg\u0131\u00e7 veya cumhuriyet savc\u0131lar\u0131n\u0131n, Kurul\u2019da yer almamalar\u0131 ve alabilecek hukuksal konumda olmamalar\u0131 nedeniyle, Y\u00fcce Divan yarg\u0131lamalar\u0131nda yer alabilmeleri m\u00fcmk\u00fcn de\u011fildir.<\/p>\n\n\n\n<p>An\u0131lan yasa ile getirilen bir di\u011fer d\u00fczenleme, genel, katma ve \u00f6zerk b\u00fct\u00e7eli kurumlarda \u00e7al\u0131\u015fanlar ile Say\u0131\u015ftay denet\u00e7ileri de Y\u00fcce Divan yarg\u0131lamalar\u0131nda ge\u00e7ici olarak yukar\u0131da belirtilen \u015fekilde g\u00f6revlendirilebilmeleridir. Y\u00fcce Divan ba\u015fkan ve \u00fcyeleri, konular veya sorunlar\u0131 kendi hukuki bilgileri ile \u00e7\u00f6zmek durumundad\u0131rlar. Hukuksal bilgi ile \u00e7\u00f6z\u00fclemeyen konularda ise, kendilerini ayd\u0131nlatmak i\u00e7in tarafs\u0131z bilirki\u015filerden g\u00f6r\u00fc\u015f veya m\u00fctalaa almalar\u0131 gerekmektedir. Bunun bir ba\u015fka yolu bulunmamaktad\u0131r. Bu g\u00f6revlendirme resmi bilirki\u015filik niteli\u011finde de\u011fildir, olamaz da\u2026 An\u0131lan ki\u015filer ceza yarg\u0131lamalar\u0131nda gerek duyulmas\u0131 halinde bilirki\u015fi olarak dinlenen ki\u015filerdir. Yap\u0131lan yasa de\u011fi\u015fikli\u011fi ile, ceza yarg\u0131lamas\u0131nda yeni bir yol yarat\u0131lm\u0131\u015f; Y\u00fcce Divan, kendi (ge\u00e7ici) kadrolu bilirki\u015fini mi olu\u015fturmu\u015ftur? Yasa uyar\u0131nca g\u00f6revlendirmeler yap\u0131ld\u0131\u011f\u0131nda mahkeme ba\u015fkan\u0131na ba\u011fl\u0131 olan, ge\u00e7ici g\u00f6rev s\u00fcresince de \u00f6zl\u00fck haklar\u0131 farkl\u0131 olan ki\u015filerden g\u00f6r\u00fc\u015f al\u0131nmas\u0131 yoluna gidilecektir. Bu ki\u015filer mahkeme ba\u015fkan\u0131na kar\u015f\u0131 ba\u011f\u0131ms\u0131z m\u0131d\u0131rlar? Mahkemeye ba\u011fl\u0131 bir g\u00f6revliden al\u0131nacak g\u00f6r\u00fc\u015f ne derece tarafs\u0131z olabilir? Hukuken bilirki\u015fi niteli\u011finde olmayan ya da mahkemeye organik olarak ba\u011fl\u0131 bir tarafs\u0131z bilirki\u015filikten de s\u00f6z edilemeyece\u011fine g\u00f6re, bu ki\u015filer neden Y\u00fcce Divan\u2019da g\u00f6revlendirilmektedirler? Kald\u0131 ki bu ki\u015filerden \u201cbilirki\u015fi benzeri(!)\u201d denilecek \u015fekilde Kurul(Y\u00fcce Divan) yararlanacak ise, neden bu ki\u015filer Kurul\u2019un de\u011fil sadece Ba\u015fkan\u2019\u0131n iste\u011fi ile g\u00f6revlendirilmektedirler? 2939 say\u0131l\u0131 Yasa\u2019n\u0131n 39. maddesi varken, ayr\u0131ca bu maddeye neden gerek durulmaktad\u0131r? Y\u00fcce Divan yarg\u0131lamas\u0131, ceza yarg\u0131lamas\u0131 olmaktan m\u0131 \u00e7\u0131km\u0131\u015ft\u0131r?<\/p>\n\n\n\n<p>Ayr\u0131ca adliyelerde g\u00f6revli personelin i\u015f y\u00fck\u00fcyle, hepsinin ayr\u0131cal\u0131ks\u0131z ve fedakarane \u00e7al\u0131\u015ft\u0131\u011f\u0131 g\u00f6zler \u00f6n\u00fcndeyken, Y\u00fcce Divan s\u00fcresince Anayasa Mahkemesi personeline, fazla \u00e7al\u0131\u015fma \u00fccreti konusunda yarat\u0131lan farkl\u0131l\u0131\u011f\u0131n hukuken izah\u0131 nedir?<\/p>\n\n\n\n<p>Sorunun yan\u0131t\u0131 \u015fudur: Anayasa Mahkemesi, ceza hukukunda uzman olmamas\u0131na ra\u011fmen, Y\u00fcce Divan konusunu sistem i\u00e7erisinde bir a\u011f\u0131rl\u0131k noktas\u0131 olarak de\u011ferlendirip, mevcut yap\u0131s\u0131 ile de bu yarg\u0131lamay\u0131 yapma ve y\u00fcr\u00fctme noktas\u0131nda kar\u015f\u0131la\u015faca\u011f\u0131 veya alt\u0131ndan kalkamayaca\u011f\u0131 zorluklar\u0131 d\u00fc\u015f\u00fcnerek, bu g\u00f6revi konunun uzman\u0131 merciye b\u0131rakmak yerine, s\u0131ms\u0131k\u0131 sar\u0131larak belirtilen d\u00fczenlemelerin ger\u00e7ekle\u015ftirilmesine \u00f6nayak olmu\u015ftur.<\/p>\n\n\n\n<p>O halde Anayasa Mahkemesi, neden Y\u00fcce Divan g\u00f6revine s\u0131ms\u0131k\u0131 sar\u0131lmaktad\u0131r sorusunun ba\u015fka ya da \u201chukuksal\u201d bir yan\u0131t\u0131n\u0131 aramaya gerek var m\u0131d\u0131r?<\/p>\n\n\n\n\n\n<figure class=\"wp-block-table\"><table class=\"has-fixed-layout\"><tbody><tr><td><\/td><\/tr><tr><td colspan=\"2\">\u00a9 Abchukuk&#8217;ta yer alan \u00e7al\u0131\u015fmalar\u0131n telif haklar\u0131 tamamen eser sahiplerine aittir. Bu \u00e7al\u0131\u015fmalardan faydalanan konuklar\u0131m\u0131z, \u00e7al\u0131\u015fmalar\u0131n telif hakk\u0131 konusunda eser sahiplerinin t\u00fcm talep ve a\u00e7\u0131klamalar\u0131n\u0131 kabul ettiklerini beyan ve taahh\u00fct ederler. Haklar\u0131 sakl\u0131 tutulmu\u015f eserler sahiplerinin izni olmadan hi\u00e7bir suretle \u00e7o\u011falt\u0131lamaz, kaynak g\u00f6sterilmeden al\u0131nt\u0131 yap\u0131lamaz, ilgili ki\u015filerden izin al\u0131nmaks\u0131z\u0131n ticari ama\u00e7larla kullan\u0131lamaz. Bu sayfalardan okuyucu olarak veya her ne suretle olsun yararlanan t\u00fcm konuklar\u0131m\u0131z, bu sayfalarda yer alan t\u00fcm y\u00fck\u00fcml\u00fcl\u00fck ve talepleri kabul ettiklerini ve bunlara ayk\u0131r\u0131 davran\u0131\u015flar\u0131n\u0131n hukuki ve cezai sorumluluklar\u0131n\u0131 do\u011furaca\u011f\u0131n\u0131 anlad\u0131klar\u0131n\u0131 kabul ve taahh\u00fct ederler.<\/td><\/tr><tr><td><\/td><\/tr><tr><td><\/td><\/tr><\/tbody><\/table><\/figure>\n","protected":false},"excerpt":{"rendered":"<p>\u00d6mer Faruk EM\u0130NA\u011eAO\u011eLU \u00dclkemizde en \u00e7ok tart\u0131\u015f\u0131lan konular\u0131n birisi: Y\u00fcce Divan. Tart\u0131\u015fma, Y\u00fcce Divan g\u00f6revinin hangi merciye ait olaca\u011f\u0131 ve kimlerden olu\u015faca\u011f\u0131, g\u00f6revinin ve bu mahkemede uygulanacak usul kurallar\u0131n\u0131n ne olaca\u011f\u0131, davalar\u0131n Y\u00fcce Divan\u2019a hangi usul\u00fc takiben a\u00e7\u0131laca\u011f\u0131 noktalar\u0131nda toplanmaktad\u0131r. Ku\u015fkusuz yaz\u0131n\u0131n kapsam\u0131, bu sorunlar\u0131n tamam\u0131 de\u011fildir. Cumhurba\u015fkan\u0131, Ba\u015fbakan ve Bakanlar, Y\u00fcksek Yarg\u0131 Organlar\u0131n\u0131n&nbsp; ve [&hellip;]<\/p>\n","protected":false},"author":1,"featured_media":0,"comment_status":"open","ping_status":"open","sticky":false,"template":"","format":"standard","meta":{"footnotes":"","_links_to":"","_links_to_target":""},"categories":[20],"tags":[],"class_list":["post-1814","post","type-post","status-publish","format-standard","hentry","category-makalelink"],"_links":{"self":[{"href":"https:\/\/www.abchukuk.com\/index.php\/wp-json\/wp\/v2\/posts\/1814","targetHints":{"allow":["GET"]}}],"collection":[{"href":"https:\/\/www.abchukuk.com\/index.php\/wp-json\/wp\/v2\/posts"}],"about":[{"href":"https:\/\/www.abchukuk.com\/index.php\/wp-json\/wp\/v2\/types\/post"}],"author":[{"embeddable":true,"href":"https:\/\/www.abchukuk.com\/index.php\/wp-json\/wp\/v2\/users\/1"}],"replies":[{"embeddable":true,"href":"https:\/\/www.abchukuk.com\/index.php\/wp-json\/wp\/v2\/comments?post=1814"}],"version-history":[{"count":1,"href":"https:\/\/www.abchukuk.com\/index.php\/wp-json\/wp\/v2\/posts\/1814\/revisions"}],"predecessor-version":[{"id":1815,"href":"https:\/\/www.abchukuk.com\/index.php\/wp-json\/wp\/v2\/posts\/1814\/revisions\/1815"}],"wp:attachment":[{"href":"https:\/\/www.abchukuk.com\/index.php\/wp-json\/wp\/v2\/media?parent=1814"}],"wp:term":[{"taxonomy":"category","embeddable":true,"href":"https:\/\/www.abchukuk.com\/index.php\/wp-json\/wp\/v2\/categories?post=1814"},{"taxonomy":"post_tag","embeddable":true,"href":"https:\/\/www.abchukuk.com\/index.php\/wp-json\/wp\/v2\/tags?post=1814"}],"curies":[{"name":"wp","href":"https:\/\/api.w.org\/{rel}","templated":true}]}}