{"id":17655,"date":"2026-01-17T13:00:00","date_gmt":"2026-01-17T13:00:00","guid":{"rendered":"https:\/\/www.abchukuk.com\/index.php\/2026\/01\/17\/evli-oldugu-kadina-siddet-uygulamisti-cumhurbaskani-koruma-dairesi-personeli-hakkinda-tutuklama-karari\/"},"modified":"2026-01-17T13:00:00","modified_gmt":"2026-01-17T13:00:00","slug":"evli-oldugu-kadina-siddet-uygulamisti-cumhurbaskani-koruma-dairesi-personeli-hakkinda-tutuklama-karari","status":"publish","type":"post","link":"https:\/\/www.abchukuk.com\/index.php\/2026\/01\/17\/evli-oldugu-kadina-siddet-uygulamisti-cumhurbaskani-koruma-dairesi-personeli-hakkinda-tutuklama-karari\/","title":{"rendered":"Evli oldu\u011fu kad\u0131na \u015fiddet uygulam\u0131\u015ft\u0131: Cumhurba\u015fkan\u0131 Koruma Dairesi personeli hakk\u0131nda tutuklama karar\u0131!"},"content":{"rendered":"<p>Evli oldu\u011fu kad\u0131na \u015fiddet uygulayan Cumhurba\u015fkan\u0131 Koruma Dairesi personeli Yasin \u00c7akmak tutukland\u0131. \u015eiddet faili \u00c7akmak&#8217;\u0131n tutuklanma haberini Adalet Bakan\u0131 Y\u0131lmaz Tun\u00e7 duyurdu.Evli oldu\u011fu kad\u0131na \u015fiddet uygulayan Cumhurba\u015fkan\u0131 Koruma Dairesi personeli Yasin \u00c7akmak tutukland\u0131. \u015eiddet faili \u00c7akmak&#8217;\u0131n tutuklanma haberini Adalet Bakan\u0131 Y\u0131lmaz Tun\u00e7 duyurdu.\u00a0<a href=\"https:\/\/www.cumhuriyet.com.tr\/turkiye\/evli-oldugu-kadina-siddet-uygulamisti-cumhurbaskani-koruma-dairesi-personeli-hakkinda-tutuklama-karari-2470794\" target=\"_blank\" class=\"feedzy-rss-link-icon\">Read More<\/a><\/p>","protected":false},"excerpt":{"rendered":"<p>Evli oldu\u011fu kad\u0131na \u015fiddet uygulayan Cumhurba\u015fkan\u0131 Koruma Dairesi personeli Yasin \u00c7akmak tutukland\u0131. \u015eiddet faili \u00c7akmak&#8217;\u0131n tutuklanma haberini Adalet Bakan\u0131 Y\u0131lmaz Tun\u00e7 duyurdu.Evli oldu\u011fu kad\u0131na \u015fiddet uygulayan Cumhurba\u015fkan\u0131 Koruma Dairesi personeli Yasin \u00c7akmak tutukland\u0131. \u015eiddet faili \u00c7akmak&#8217;\u0131n tutuklanma haberini Adalet Bakan\u0131 Y\u0131lmaz Tun\u00e7 duyurdu.\u00a0Read More<\/p>\n","protected":false},"author":1,"featured_media":17656,"comment_status":"open","ping_status":"open","sticky":false,"template":"","format":"standard","meta":{"footnotes":"","_links_to":"","_links_to_target":""},"categories":[1],"tags":[],"class_list":["post-17655","post","type-post","status-publish","format-standard","has-post-thumbnail","hentry","category-haberler"],"_links":{"self":[{"href":"https:\/\/www.abchukuk.com\/index.php\/wp-json\/wp\/v2\/posts\/17655","targetHints":{"allow":["GET"]}}],"collection":[{"href":"https:\/\/www.abchukuk.com\/index.php\/wp-json\/wp\/v2\/posts"}],"about":[{"href":"https:\/\/www.abchukuk.com\/index.php\/wp-json\/wp\/v2\/types\/post"}],"author":[{"embeddable":true,"href":"https:\/\/www.abchukuk.com\/index.php\/wp-json\/wp\/v2\/users\/1"}],"replies":[{"embeddable":true,"href":"https:\/\/www.abchukuk.com\/index.php\/wp-json\/wp\/v2\/comments?post=17655"}],"version-history":[{"count":0,"href":"https:\/\/www.abchukuk.com\/index.php\/wp-json\/wp\/v2\/posts\/17655\/revisions"}],"wp:featuredmedia":[{"embeddable":true,"href":"https:\/\/www.abchukuk.com\/index.php\/wp-json\/wp\/v2\/media\/17656"}],"wp:attachment":[{"href":"https:\/\/www.abchukuk.com\/index.php\/wp-json\/wp\/v2\/media?parent=17655"}],"wp:term":[{"taxonomy":"category","embeddable":true,"href":"https:\/\/www.abchukuk.com\/index.php\/wp-json\/wp\/v2\/categories?post=17655"},{"taxonomy":"post_tag","embeddable":true,"href":"https:\/\/www.abchukuk.com\/index.php\/wp-json\/wp\/v2\/tags?post=17655"}],"curies":[{"name":"wp","href":"https:\/\/api.w.org\/{rel}","templated":true}]}}