{"id":17647,"date":"2026-01-17T11:07:00","date_gmt":"2026-01-17T11:07:00","guid":{"rendered":"https:\/\/www.abchukuk.com\/index.php\/2026\/01\/17\/rusvetten-tutuklanan-icra-muduru-ve-katip-icin-12ser-yila-kadar-hapis-istemi\/"},"modified":"2026-01-17T11:07:00","modified_gmt":"2026-01-17T11:07:00","slug":"rusvetten-tutuklanan-icra-muduru-ve-katip-icin-12ser-yila-kadar-hapis-istemi","status":"publish","type":"post","link":"https:\/\/www.abchukuk.com\/index.php\/2026\/01\/17\/rusvetten-tutuklanan-icra-muduru-ve-katip-icin-12ser-yila-kadar-hapis-istemi\/","title":{"rendered":"R\u00fc\u015fvetten tutuklanan icra m\u00fcd\u00fcr\u00fc ve katip i\u00e7in 12&#8217;\u015fer y\u0131la kadar hapis istemi"},"content":{"rendered":"<p>\u0130zmir&#8217;de avukat D.\u00c7.&#8217;den (30) r\u00fc\u015fvet al\u0131rken su\u00e7\u00fcst\u00fc yakalan\u0131p tutuklanan \u0130cra M\u00fcd\u00fcr Yard\u0131mc\u0131s\u0131 Yusuf Dur\u011fun (27) ile icra katibi Bora Bozta\u015f (26) hakk\u0131nda 12&#8217;\u015fer y\u0131la kadar hapis istemiyle dava a\u00e7\u0131ld\u0131.\u0130zmir&#8217;de avukat D.\u00c7.&#8217;den (30) r\u00fc\u015fvet al\u0131rken su\u00e7\u00fcst\u00fc yakalan\u0131p tutuklanan \u0130cra M\u00fcd\u00fcr Yard\u0131mc\u0131s\u0131 Yusuf Dur\u011fun (27) ile icra katibi Bora Bozta\u015f (26) hakk\u0131nda 12&#8217;\u015fer y\u0131la kadar hapis istemiyle dava a\u00e7\u0131ld\u0131.\u00a0<a href=\"https:\/\/www.cumhuriyet.com.tr\/turkiye\/rusvetten-tutuklanan-icra-muduru-ve-katip-icin-12-ser-yila-kadar-hapis-istemi-2470768\" target=\"_blank\" class=\"feedzy-rss-link-icon\">Read More<\/a><\/p>","protected":false},"excerpt":{"rendered":"<p>\u0130zmir&#8217;de avukat D.\u00c7.&#8217;den (30) r\u00fc\u015fvet al\u0131rken su\u00e7\u00fcst\u00fc yakalan\u0131p tutuklanan \u0130cra M\u00fcd\u00fcr Yard\u0131mc\u0131s\u0131 Yusuf Dur\u011fun (27) ile icra katibi Bora Bozta\u015f (26) hakk\u0131nda 12&#8217;\u015fer y\u0131la kadar hapis istemiyle dava a\u00e7\u0131ld\u0131.\u0130zmir&#8217;de avukat D.\u00c7.&#8217;den (30) r\u00fc\u015fvet al\u0131rken su\u00e7\u00fcst\u00fc yakalan\u0131p tutuklanan \u0130cra M\u00fcd\u00fcr Yard\u0131mc\u0131s\u0131 Yusuf Dur\u011fun (27) ile icra katibi Bora Bozta\u015f (26) hakk\u0131nda 12&#8217;\u015fer y\u0131la kadar hapis istemiyle [&hellip;]<\/p>\n","protected":false},"author":1,"featured_media":17648,"comment_status":"open","ping_status":"open","sticky":false,"template":"","format":"standard","meta":{"footnotes":"","_links_to":"","_links_to_target":""},"categories":[1],"tags":[],"class_list":["post-17647","post","type-post","status-publish","format-standard","has-post-thumbnail","hentry","category-haberler"],"_links":{"self":[{"href":"https:\/\/www.abchukuk.com\/index.php\/wp-json\/wp\/v2\/posts\/17647","targetHints":{"allow":["GET"]}}],"collection":[{"href":"https:\/\/www.abchukuk.com\/index.php\/wp-json\/wp\/v2\/posts"}],"about":[{"href":"https:\/\/www.abchukuk.com\/index.php\/wp-json\/wp\/v2\/types\/post"}],"author":[{"embeddable":true,"href":"https:\/\/www.abchukuk.com\/index.php\/wp-json\/wp\/v2\/users\/1"}],"replies":[{"embeddable":true,"href":"https:\/\/www.abchukuk.com\/index.php\/wp-json\/wp\/v2\/comments?post=17647"}],"version-history":[{"count":0,"href":"https:\/\/www.abchukuk.com\/index.php\/wp-json\/wp\/v2\/posts\/17647\/revisions"}],"wp:featuredmedia":[{"embeddable":true,"href":"https:\/\/www.abchukuk.com\/index.php\/wp-json\/wp\/v2\/media\/17648"}],"wp:attachment":[{"href":"https:\/\/www.abchukuk.com\/index.php\/wp-json\/wp\/v2\/media?parent=17647"}],"wp:term":[{"taxonomy":"category","embeddable":true,"href":"https:\/\/www.abchukuk.com\/index.php\/wp-json\/wp\/v2\/categories?post=17647"},{"taxonomy":"post_tag","embeddable":true,"href":"https:\/\/www.abchukuk.com\/index.php\/wp-json\/wp\/v2\/tags?post=17647"}],"curies":[{"name":"wp","href":"https:\/\/api.w.org\/{rel}","templated":true}]}}