{"id":17643,"date":"2026-01-17T12:27:00","date_gmt":"2026-01-17T12:27:00","guid":{"rendered":"https:\/\/www.abchukuk.com\/index.php\/2026\/01\/17\/cezaevinden-yeni-cikti-kiz-kardesini-ve-annesini-oldurup-intihar-etti\/"},"modified":"2026-01-17T12:27:00","modified_gmt":"2026-01-17T12:27:00","slug":"cezaevinden-yeni-cikti-kiz-kardesini-ve-annesini-oldurup-intihar-etti","status":"publish","type":"post","link":"https:\/\/www.abchukuk.com\/index.php\/2026\/01\/17\/cezaevinden-yeni-cikti-kiz-kardesini-ve-annesini-oldurup-intihar-etti\/","title":{"rendered":"Cezaevinden yeni \u00e7\u0131kt\u0131: K\u0131z karde\u015fini ve annesini \u00f6ld\u00fcr\u00fcp intihar etti!"},"content":{"rendered":"<p>Konya&#8217;da cezaevinden \u00e7\u0131kan o\u011flu Nadir T\u00fcrkmen (23) taraf\u0131ndan tabanca ile vurulan \u0130smehan T\u00fcrkmen (45) hayat\u0131n\u0131 kaybetti. K\u0131z karde\u015fi Nida T\u00fcrkmen&#8217;i de (19) \u00f6ld\u00fcr\u00fcp, intihar eden Nadir T\u00fcrkmen ile anneleri, Ilg\u0131n il\u00e7esinde topra\u011fa verilecek.Konya&#8217;da cezaevinden \u00e7\u0131kan o\u011flu Nadir T\u00fcrkmen (23) taraf\u0131ndan tabanca ile vurulan \u0130smehan T\u00fcrkmen (45) hayat\u0131n\u0131 kaybetti. K\u0131z karde\u015fi Nida T\u00fcrkmen&#8217;i de (19) \u00f6ld\u00fcr\u00fcp, intihar eden Nadir T\u00fcrkmen ile anneleri, Ilg\u0131n il\u00e7esinde topra\u011fa verilecek.\u00a0<a href=\"https:\/\/www.cumhuriyet.com.tr\/turkiye\/cezaevinden-yeni-cikti-kiz-kardesini-ve-annesini-oldurup-intihar-etti-2470778\" target=\"_blank\" class=\"feedzy-rss-link-icon\">Read More<\/a><\/p>","protected":false},"excerpt":{"rendered":"<p>Konya&#8217;da cezaevinden \u00e7\u0131kan o\u011flu Nadir T\u00fcrkmen (23) taraf\u0131ndan tabanca ile vurulan \u0130smehan T\u00fcrkmen (45) hayat\u0131n\u0131 kaybetti. K\u0131z karde\u015fi Nida T\u00fcrkmen&#8217;i de (19) \u00f6ld\u00fcr\u00fcp, intihar eden Nadir T\u00fcrkmen ile anneleri, Ilg\u0131n il\u00e7esinde topra\u011fa verilecek.Konya&#8217;da cezaevinden \u00e7\u0131kan o\u011flu Nadir T\u00fcrkmen (23) taraf\u0131ndan tabanca ile vurulan \u0130smehan T\u00fcrkmen (45) hayat\u0131n\u0131 kaybetti. K\u0131z karde\u015fi Nida T\u00fcrkmen&#8217;i de (19) \u00f6ld\u00fcr\u00fcp, [&hellip;]<\/p>\n","protected":false},"author":1,"featured_media":17644,"comment_status":"open","ping_status":"open","sticky":false,"template":"","format":"standard","meta":{"footnotes":"","_links_to":"","_links_to_target":""},"categories":[1],"tags":[],"class_list":["post-17643","post","type-post","status-publish","format-standard","has-post-thumbnail","hentry","category-haberler"],"_links":{"self":[{"href":"https:\/\/www.abchukuk.com\/index.php\/wp-json\/wp\/v2\/posts\/17643","targetHints":{"allow":["GET"]}}],"collection":[{"href":"https:\/\/www.abchukuk.com\/index.php\/wp-json\/wp\/v2\/posts"}],"about":[{"href":"https:\/\/www.abchukuk.com\/index.php\/wp-json\/wp\/v2\/types\/post"}],"author":[{"embeddable":true,"href":"https:\/\/www.abchukuk.com\/index.php\/wp-json\/wp\/v2\/users\/1"}],"replies":[{"embeddable":true,"href":"https:\/\/www.abchukuk.com\/index.php\/wp-json\/wp\/v2\/comments?post=17643"}],"version-history":[{"count":0,"href":"https:\/\/www.abchukuk.com\/index.php\/wp-json\/wp\/v2\/posts\/17643\/revisions"}],"wp:featuredmedia":[{"embeddable":true,"href":"https:\/\/www.abchukuk.com\/index.php\/wp-json\/wp\/v2\/media\/17644"}],"wp:attachment":[{"href":"https:\/\/www.abchukuk.com\/index.php\/wp-json\/wp\/v2\/media?parent=17643"}],"wp:term":[{"taxonomy":"category","embeddable":true,"href":"https:\/\/www.abchukuk.com\/index.php\/wp-json\/wp\/v2\/categories?post=17643"},{"taxonomy":"post_tag","embeddable":true,"href":"https:\/\/www.abchukuk.com\/index.php\/wp-json\/wp\/v2\/tags?post=17643"}],"curies":[{"name":"wp","href":"https:\/\/api.w.org\/{rel}","templated":true}]}}