{"id":17638,"date":"2026-01-17T09:22:36","date_gmt":"2026-01-17T09:22:36","guid":{"rendered":"https:\/\/www.abchukuk.com\/index.php\/2026\/01\/17\/trumpa-suikastla-suclaniyordu-muebbet-hapsi-isteniyor\/"},"modified":"2026-01-17T09:22:36","modified_gmt":"2026-01-17T09:22:36","slug":"trumpa-suikastla-suclaniyordu-muebbet-hapsi-isteniyor","status":"publish","type":"post","link":"https:\/\/www.abchukuk.com\/index.php\/2026\/01\/17\/trumpa-suikastla-suclaniyordu-muebbet-hapsi-isteniyor\/","title":{"rendered":"Trump&#8217;a Suikastla Su\u00e7lan\u0131yordu: M\u00fcebbet Hapsi \u0130steniyor"},"content":{"rendered":"<p><a href=\"https:\/\/www.gercekgundem.com\/dunya\/trumpa-suikastla-suclaniyordu-muebbet-hapsi-isteniyor-565270\"><br \/>\n                                                            <img decoding=\"async\" src=\"https:\/\/i.gercekgundem.com\/2\/150\/84\/storage\/files\/images\/2026\/01\/17\/trumpa-suikastla-suclaniyordu-muebbet-hapsi-isteniyor-q7um.jpg\" width=\"150\" height=\"84\" border=\"0\" align=\"right\" \/><br \/>\n                                                    <\/a><\/p>\n<h4>ABD Ba\u015fkan\u0131 Trump&#8217;a suikastla su\u00e7lanan \u015f\u00fcpheli i\u00e7in talep edilen ceza belli oldu. ABD Adalet Bakanl\u0131\u011f\u0131 taraf\u0131ndan haz\u0131rlanan 21 sayfal\u0131k dosyada, \u015f\u00fcphelinin m\u00fcebbet hapse \u00e7arpt\u0131r\u0131lmas\u0131 istendi.<\/h4>\n<p>ABD Ba\u015fkan\u0131 Trump&#8217;a suikastla su\u00e7lanan \u015f\u00fcpheli i\u00e7in talep edilen ceza belli oldu. ABD Adalet Bakanl\u0131\u011f\u0131 taraf\u0131ndan haz\u0131rlanan 21 sayfal\u0131k dosyada, \u015f\u00fcphelinin m\u00fcebbet hapse \u00e7arpt\u0131r\u0131lmas\u0131 istendi.\u00a0<a href=\"https:\/\/www.gercekgundem.com\/dunya\/trumpa-suikastla-suclaniyordu-muebbet-hapsi-isteniyor-565270\" target=\"_blank\" class=\"feedzy-rss-link-icon\">Read More<\/a><\/p>","protected":false},"excerpt":{"rendered":"<p>ABD Ba\u015fkan\u0131 Trump&#8217;a suikastla su\u00e7lanan \u015f\u00fcpheli i\u00e7in talep edilen ceza belli oldu. ABD Adalet Bakanl\u0131\u011f\u0131 taraf\u0131ndan haz\u0131rlanan 21 sayfal\u0131k dosyada, \u015f\u00fcphelinin m\u00fcebbet hapse \u00e7arpt\u0131r\u0131lmas\u0131 istendi. ABD Ba\u015fkan\u0131 Trump&#8217;a suikastla su\u00e7lanan \u015f\u00fcpheli i\u00e7in talep edilen ceza belli oldu. ABD Adalet Bakanl\u0131\u011f\u0131 taraf\u0131ndan haz\u0131rlanan 21 sayfal\u0131k dosyada, \u015f\u00fcphelinin m\u00fcebbet hapse \u00e7arpt\u0131r\u0131lmas\u0131 istendi.\u00a0Read More<\/p>\n","protected":false},"author":1,"featured_media":17639,"comment_status":"open","ping_status":"open","sticky":false,"template":"","format":"standard","meta":{"footnotes":"","_links_to":"","_links_to_target":""},"categories":[1],"tags":[],"class_list":["post-17638","post","type-post","status-publish","format-standard","has-post-thumbnail","hentry","category-haberler"],"_links":{"self":[{"href":"https:\/\/www.abchukuk.com\/index.php\/wp-json\/wp\/v2\/posts\/17638","targetHints":{"allow":["GET"]}}],"collection":[{"href":"https:\/\/www.abchukuk.com\/index.php\/wp-json\/wp\/v2\/posts"}],"about":[{"href":"https:\/\/www.abchukuk.com\/index.php\/wp-json\/wp\/v2\/types\/post"}],"author":[{"embeddable":true,"href":"https:\/\/www.abchukuk.com\/index.php\/wp-json\/wp\/v2\/users\/1"}],"replies":[{"embeddable":true,"href":"https:\/\/www.abchukuk.com\/index.php\/wp-json\/wp\/v2\/comments?post=17638"}],"version-history":[{"count":0,"href":"https:\/\/www.abchukuk.com\/index.php\/wp-json\/wp\/v2\/posts\/17638\/revisions"}],"wp:featuredmedia":[{"embeddable":true,"href":"https:\/\/www.abchukuk.com\/index.php\/wp-json\/wp\/v2\/media\/17639"}],"wp:attachment":[{"href":"https:\/\/www.abchukuk.com\/index.php\/wp-json\/wp\/v2\/media?parent=17638"}],"wp:term":[{"taxonomy":"category","embeddable":true,"href":"https:\/\/www.abchukuk.com\/index.php\/wp-json\/wp\/v2\/categories?post=17638"},{"taxonomy":"post_tag","embeddable":true,"href":"https:\/\/www.abchukuk.com\/index.php\/wp-json\/wp\/v2\/tags?post=17638"}],"curies":[{"name":"wp","href":"https:\/\/api.w.org\/{rel}","templated":true}]}}