{"id":17636,"date":"2026-01-17T10:25:03","date_gmt":"2026-01-17T10:25:03","guid":{"rendered":"https:\/\/www.abchukuk.com\/index.php\/2026\/01\/17\/cezaevinden-cikti-ailesine-dehseti-yasatti\/"},"modified":"2026-01-17T10:25:03","modified_gmt":"2026-01-17T10:25:03","slug":"cezaevinden-cikti-ailesine-dehseti-yasatti","status":"publish","type":"post","link":"https:\/\/www.abchukuk.com\/index.php\/2026\/01\/17\/cezaevinden-cikti-ailesine-dehseti-yasatti\/","title":{"rendered":"Cezaevinden \u00e7\u0131kt\u0131 ailesine deh\u015feti ya\u015fatt\u0131!"},"content":{"rendered":"<p>Konya&#8217;da, tart\u0131\u015fma s\u0131ras\u0131nda tabancayla ate\u015f etti\u011fi k\u0131z karde\u015fi 19 ya\u015f\u0131ndaki Nida T\u00fcrkmen\u2019i \u00f6ld\u00fcr\u00fcp, annesi 45 ya\u015f\u0131ndaki \u0130smehan T\u00fcrkmen\u2019i a\u011f\u0131r yaralayan 23 ya\u015f\u0131ndaki Nadir T\u00fcrkmen, ayn\u0131 silahla intihar etti. Bir s\u00fcre \u00f6nce cezaevinden \u00e7\u0131kt\u0131\u011f\u0131 \u00f6\u011frenilen Nadir T\u00fcrkmen\u2019in 10\u2019a yak\u0131n su\u00e7 kayd\u0131n\u0131n oldu\u011fu \u00f6\u011frenildiKonya&#8217;da, tart\u0131\u015fma s\u0131ras\u0131nda tabancayla ate\u015f etti\u011fi k\u0131z karde\u015fi 19 ya\u015f\u0131ndaki Nida T\u00fcrkmen\u2019i \u00f6ld\u00fcr\u00fcp, annesi 45 ya\u015f\u0131ndaki \u0130smehan T\u00fcrkmen\u2019i a\u011f\u0131r yaralayan 23 ya\u015f\u0131ndaki Nadir T\u00fcrkmen, ayn\u0131 silahla intihar etti. Bir s\u00fcre \u00f6nce cezaevinden \u00e7\u0131kt\u0131\u011f\u0131 \u00f6\u011frenilen Nadir T\u00fcrkmen\u2019in 10\u2019a yak\u0131n su\u00e7 kayd\u0131n\u0131n oldu\u011fu \u00f6\u011frenildi\u00a0<a href=\"https:\/\/www.haberturk.com\/konya-haberleri-cezaevinden-cikti-ailesine-dehseti-yasatti-son-dakika-haberi-3854130\" target=\"_blank\" class=\"feedzy-rss-link-icon\">Read More<\/a><\/p>","protected":false},"excerpt":{"rendered":"<p>Konya&#8217;da, tart\u0131\u015fma s\u0131ras\u0131nda tabancayla ate\u015f etti\u011fi k\u0131z karde\u015fi 19 ya\u015f\u0131ndaki Nida T\u00fcrkmen\u2019i \u00f6ld\u00fcr\u00fcp, annesi 45 ya\u015f\u0131ndaki \u0130smehan T\u00fcrkmen\u2019i a\u011f\u0131r yaralayan 23 ya\u015f\u0131ndaki Nadir T\u00fcrkmen, ayn\u0131 silahla intihar etti. Bir s\u00fcre \u00f6nce cezaevinden \u00e7\u0131kt\u0131\u011f\u0131 \u00f6\u011frenilen Nadir T\u00fcrkmen\u2019in 10\u2019a yak\u0131n su\u00e7 kayd\u0131n\u0131n oldu\u011fu \u00f6\u011frenildiKonya&#8217;da, tart\u0131\u015fma s\u0131ras\u0131nda tabancayla ate\u015f etti\u011fi k\u0131z karde\u015fi 19 ya\u015f\u0131ndaki Nida T\u00fcrkmen\u2019i \u00f6ld\u00fcr\u00fcp, annesi [&hellip;]<\/p>\n","protected":false},"author":1,"featured_media":0,"comment_status":"open","ping_status":"open","sticky":false,"template":"","format":"standard","meta":{"footnotes":"","_links_to":"","_links_to_target":""},"categories":[1],"tags":[],"class_list":["post-17636","post","type-post","status-publish","format-standard","hentry","category-haberler"],"_links":{"self":[{"href":"https:\/\/www.abchukuk.com\/index.php\/wp-json\/wp\/v2\/posts\/17636","targetHints":{"allow":["GET"]}}],"collection":[{"href":"https:\/\/www.abchukuk.com\/index.php\/wp-json\/wp\/v2\/posts"}],"about":[{"href":"https:\/\/www.abchukuk.com\/index.php\/wp-json\/wp\/v2\/types\/post"}],"author":[{"embeddable":true,"href":"https:\/\/www.abchukuk.com\/index.php\/wp-json\/wp\/v2\/users\/1"}],"replies":[{"embeddable":true,"href":"https:\/\/www.abchukuk.com\/index.php\/wp-json\/wp\/v2\/comments?post=17636"}],"version-history":[{"count":0,"href":"https:\/\/www.abchukuk.com\/index.php\/wp-json\/wp\/v2\/posts\/17636\/revisions"}],"wp:attachment":[{"href":"https:\/\/www.abchukuk.com\/index.php\/wp-json\/wp\/v2\/media?parent=17636"}],"wp:term":[{"taxonomy":"category","embeddable":true,"href":"https:\/\/www.abchukuk.com\/index.php\/wp-json\/wp\/v2\/categories?post=17636"},{"taxonomy":"post_tag","embeddable":true,"href":"https:\/\/www.abchukuk.com\/index.php\/wp-json\/wp\/v2\/tags?post=17636"}],"curies":[{"name":"wp","href":"https:\/\/api.w.org\/{rel}","templated":true}]}}