{"id":17633,"date":"2026-01-16T21:47:42","date_gmt":"2026-01-16T21:47:42","guid":{"rendered":"https:\/\/www.abchukuk.com\/index.php\/2026\/01\/16\/resmi-gazete-yayimlandi-44\/"},"modified":"2026-01-16T21:47:42","modified_gmt":"2026-01-16T21:47:42","slug":"resmi-gazete-yayimlandi-44","status":"publish","type":"post","link":"https:\/\/www.abchukuk.com\/index.php\/2026\/01\/16\/resmi-gazete-yayimlandi-44\/","title":{"rendered":"Resmi Gazete yay\u0131mland\u0131!"},"content":{"rendered":"<p>Baz\u0131 bakanl\u0131klara ili\u015fkin atama ve g\u00f6revden alma kararlar\u0131 Resmi Gazete&#8217;de yay\u0131mland\u0131. Cumhurba\u015fkan\u0131 Erdo\u011fan&#8217;\u0131n imzas\u0131yla yay\u0131mlanan kararlar, g\u00fcn\u00fcn ilk saatlerinden itibaren en \u00e7ok merak edilen konular aras\u0131nda yer ald\u0131. Toplumun bir\u00e7ok kesimini yak\u0131ndan ilgilendiren kararlar genellikle gece yar\u0131s\u0131 itibar\u0131yla eri\u015fime sunuluyor.  Peki, &#8220;Resmi Gazete&#8217;de al\u0131nan kararlar\u0131 neler?&#8221; \u0130\u015fte 17 Ocak 2026 Cumartesi Resmi Gazete kararlar\u0131&#8230;Baz\u0131 bakanl\u0131klara ili\u015fkin atama ve g\u00f6revden alma kararlar\u0131 Resmi Gazete&#8217;de yay\u0131mland\u0131. Cumhurba\u015fkan\u0131 Erdo\u011fan&#8217;\u0131n imzas\u0131yla yay\u0131mlanan kararlar, g\u00fcn\u00fcn ilk saatlerinden itibaren en \u00e7ok merak edilen konular aras\u0131nda yer ald\u0131. Toplumun bir\u00e7ok kesimini yak\u0131ndan ilgilendiren kararlar genellikle gece yar\u0131s\u0131 itibar\u0131yla eri\u015fime sunuluyor.  Peki, &#8220;Resmi Gazete&#8217;de al\u0131nan kararlar\u0131 neler?&#8221; \u0130\u015fte 17 Ocak 2026 Cumartesi Resmi Gazete kararlar\u0131&#8230;\u00a0<a href=\"https:\/\/www.haberturk.com\/resmi-gazete-kararlari-17-ocak-2026-resmi-gazete-yayimlandi-mi-alinan-kararlari-neler-3854038\" target=\"_blank\" class=\"feedzy-rss-link-icon\">Read More<\/a><\/p>","protected":false},"excerpt":{"rendered":"<p>Baz\u0131 bakanl\u0131klara ili\u015fkin atama ve g\u00f6revden alma kararlar\u0131 Resmi Gazete&#8217;de yay\u0131mland\u0131. Cumhurba\u015fkan\u0131 Erdo\u011fan&#8217;\u0131n imzas\u0131yla yay\u0131mlanan kararlar, g\u00fcn\u00fcn ilk saatlerinden itibaren en \u00e7ok merak edilen konular aras\u0131nda yer ald\u0131. Toplumun bir\u00e7ok kesimini yak\u0131ndan ilgilendiren kararlar genellikle gece yar\u0131s\u0131 itibar\u0131yla eri\u015fime sunuluyor. Peki, &#8220;Resmi Gazete&#8217;de al\u0131nan kararlar\u0131 neler?&#8221; \u0130\u015fte 17 Ocak 2026 Cumartesi Resmi Gazete kararlar\u0131&#8230;Baz\u0131 bakanl\u0131klara [&hellip;]<\/p>\n","protected":false},"author":1,"featured_media":0,"comment_status":"open","ping_status":"open","sticky":false,"template":"","format":"standard","meta":{"footnotes":"","_links_to":"","_links_to_target":""},"categories":[1],"tags":[],"class_list":["post-17633","post","type-post","status-publish","format-standard","hentry","category-haberler"],"_links":{"self":[{"href":"https:\/\/www.abchukuk.com\/index.php\/wp-json\/wp\/v2\/posts\/17633","targetHints":{"allow":["GET"]}}],"collection":[{"href":"https:\/\/www.abchukuk.com\/index.php\/wp-json\/wp\/v2\/posts"}],"about":[{"href":"https:\/\/www.abchukuk.com\/index.php\/wp-json\/wp\/v2\/types\/post"}],"author":[{"embeddable":true,"href":"https:\/\/www.abchukuk.com\/index.php\/wp-json\/wp\/v2\/users\/1"}],"replies":[{"embeddable":true,"href":"https:\/\/www.abchukuk.com\/index.php\/wp-json\/wp\/v2\/comments?post=17633"}],"version-history":[{"count":0,"href":"https:\/\/www.abchukuk.com\/index.php\/wp-json\/wp\/v2\/posts\/17633\/revisions"}],"wp:attachment":[{"href":"https:\/\/www.abchukuk.com\/index.php\/wp-json\/wp\/v2\/media?parent=17633"}],"wp:term":[{"taxonomy":"category","embeddable":true,"href":"https:\/\/www.abchukuk.com\/index.php\/wp-json\/wp\/v2\/categories?post=17633"},{"taxonomy":"post_tag","embeddable":true,"href":"https:\/\/www.abchukuk.com\/index.php\/wp-json\/wp\/v2\/tags?post=17633"}],"curies":[{"name":"wp","href":"https:\/\/api.w.org\/{rel}","templated":true}]}}