{"id":17614,"date":"2026-01-16T21:41:00","date_gmt":"2026-01-16T21:41:00","guid":{"rendered":"https:\/\/www.abchukuk.com\/index.php\/2026\/01\/16\/depremde-269-kisiye-mezar-olan-ronesans-rezidans-davasinda-mahkemeden-olasi-kast-talebine-ret\/"},"modified":"2026-01-16T21:41:00","modified_gmt":"2026-01-16T21:41:00","slug":"depremde-269-kisiye-mezar-olan-ronesans-rezidans-davasinda-mahkemeden-olasi-kast-talebine-ret","status":"publish","type":"post","link":"https:\/\/www.abchukuk.com\/index.php\/2026\/01\/16\/depremde-269-kisiye-mezar-olan-ronesans-rezidans-davasinda-mahkemeden-olasi-kast-talebine-ret\/","title":{"rendered":"Depremde 269 ki\u015fiye mezar olan R\u00f6nesans Rezidans davas\u0131nda mahkemeden &#8220;olas\u0131 kast&#8221; talebine ret"},"content":{"rendered":"<p>Hatay&#8217;da 6 \u015eubat depremlerinde 269 ki\u015finin ya\u015fam\u0131n\u0131 yitirdi\u011fi R\u00f6nesans Rezidans davas\u0131nda, san\u0131klar\u0131n &#8220;olas\u0131 kast&#8221; su\u00e7undan ek savunma taleplerinin reddedilmesine, aileler g\u00f6zya\u015flar\u0131 i\u00e7inde tepki g\u00f6sterdi.Hatay&#8217;da 6 \u015eubat depremlerinde 269 ki\u015finin ya\u015fam\u0131n\u0131 yitirdi\u011fi R\u00f6nesans Rezidans davas\u0131nda, san\u0131klar\u0131n &#8220;olas\u0131 kast&#8221; su\u00e7undan ek savunma taleplerinin reddedilmesine, aileler g\u00f6zya\u015flar\u0131 i\u00e7inde tepki g\u00f6sterdi.\u00a0<a href=\"https:\/\/www.cumhuriyet.com.tr\/turkiye\/depremde-269-kisiye-mezar-olan-ronesans-rezidans-davasinda-mahkemeden-olasi-kast-talebine-ret-2470688\" target=\"_blank\" class=\"feedzy-rss-link-icon\">Read More<\/a><\/p>","protected":false},"excerpt":{"rendered":"<p>Hatay&#8217;da 6 \u015eubat depremlerinde 269 ki\u015finin ya\u015fam\u0131n\u0131 yitirdi\u011fi R\u00f6nesans Rezidans davas\u0131nda, san\u0131klar\u0131n &#8220;olas\u0131 kast&#8221; su\u00e7undan ek savunma taleplerinin reddedilmesine, aileler g\u00f6zya\u015flar\u0131 i\u00e7inde tepki g\u00f6sterdi.Hatay&#8217;da 6 \u015eubat depremlerinde 269 ki\u015finin ya\u015fam\u0131n\u0131 yitirdi\u011fi R\u00f6nesans Rezidans davas\u0131nda, san\u0131klar\u0131n &#8220;olas\u0131 kast&#8221; su\u00e7undan ek savunma taleplerinin reddedilmesine, aileler g\u00f6zya\u015flar\u0131 i\u00e7inde tepki g\u00f6sterdi.\u00a0Read More<\/p>\n","protected":false},"author":1,"featured_media":17615,"comment_status":"open","ping_status":"open","sticky":false,"template":"","format":"standard","meta":{"footnotes":"","_links_to":"","_links_to_target":""},"categories":[1],"tags":[],"class_list":["post-17614","post","type-post","status-publish","format-standard","has-post-thumbnail","hentry","category-haberler"],"_links":{"self":[{"href":"https:\/\/www.abchukuk.com\/index.php\/wp-json\/wp\/v2\/posts\/17614","targetHints":{"allow":["GET"]}}],"collection":[{"href":"https:\/\/www.abchukuk.com\/index.php\/wp-json\/wp\/v2\/posts"}],"about":[{"href":"https:\/\/www.abchukuk.com\/index.php\/wp-json\/wp\/v2\/types\/post"}],"author":[{"embeddable":true,"href":"https:\/\/www.abchukuk.com\/index.php\/wp-json\/wp\/v2\/users\/1"}],"replies":[{"embeddable":true,"href":"https:\/\/www.abchukuk.com\/index.php\/wp-json\/wp\/v2\/comments?post=17614"}],"version-history":[{"count":0,"href":"https:\/\/www.abchukuk.com\/index.php\/wp-json\/wp\/v2\/posts\/17614\/revisions"}],"wp:featuredmedia":[{"embeddable":true,"href":"https:\/\/www.abchukuk.com\/index.php\/wp-json\/wp\/v2\/media\/17615"}],"wp:attachment":[{"href":"https:\/\/www.abchukuk.com\/index.php\/wp-json\/wp\/v2\/media?parent=17614"}],"wp:term":[{"taxonomy":"category","embeddable":true,"href":"https:\/\/www.abchukuk.com\/index.php\/wp-json\/wp\/v2\/categories?post=17614"},{"taxonomy":"post_tag","embeddable":true,"href":"https:\/\/www.abchukuk.com\/index.php\/wp-json\/wp\/v2\/tags?post=17614"}],"curies":[{"name":"wp","href":"https:\/\/api.w.org\/{rel}","templated":true}]}}