{"id":17611,"date":"2026-01-16T18:31:00","date_gmt":"2026-01-16T18:31:00","guid":{"rendered":"https:\/\/www.abchukuk.com\/index.php\/2026\/01\/16\/karne-yirtarak-akpyi-protesto-eden-2-liseli-gozaltina-alindi\/"},"modified":"2026-01-16T18:31:00","modified_gmt":"2026-01-16T18:31:00","slug":"karne-yirtarak-akpyi-protesto-eden-2-liseli-gozaltina-alindi","status":"publish","type":"post","link":"https:\/\/www.abchukuk.com\/index.php\/2026\/01\/16\/karne-yirtarak-akpyi-protesto-eden-2-liseli-gozaltina-alindi\/","title":{"rendered":"Karne y\u0131rtarak AKP&#8217;yi protesto eden 2 liseli g\u00f6zalt\u0131na al\u0131nd\u0131"},"content":{"rendered":"<p>2025-2026 e\u011fitim-\u00f6\u011fretim y\u0131l\u0131n\u0131n birinci d\u00f6nemi sona ererken liseliler karne g\u00fcn\u00fcnde AKP ve MEB\u2019i protesto etti. \u0130stanbul \u0130l Milli E\u011fitim M\u00fcd\u00fcrl\u00fc\u011f\u00fc \u00f6n\u00fcnde karnelerini y\u0131rtan 2 lise \u00f6\u011frencisi g\u00f6zalt\u0131na al\u0131nd\u0131.2025-2026 e\u011fitim-\u00f6\u011fretim y\u0131l\u0131n\u0131n birinci d\u00f6nemi sona ererken liseliler karne g\u00fcn\u00fcnde AKP ve MEB\u2019i protesto etti. \u0130stanbul \u0130l Milli E\u011fitim M\u00fcd\u00fcrl\u00fc\u011f\u00fc \u00f6n\u00fcnde karnelerini y\u0131rtan 2 lise \u00f6\u011frencisi g\u00f6zalt\u0131na al\u0131nd\u0131.\u00a0<a href=\"https:\/\/www.cumhuriyet.com.tr\/turkiye\/karne-yirtarak-akp-yi-protesto-eden-2-liseli-gozaltina-alindi-2470652\" target=\"_blank\" class=\"feedzy-rss-link-icon\">Read More<\/a><\/p>","protected":false},"excerpt":{"rendered":"<p>2025-2026 e\u011fitim-\u00f6\u011fretim y\u0131l\u0131n\u0131n birinci d\u00f6nemi sona ererken liseliler karne g\u00fcn\u00fcnde AKP ve MEB\u2019i protesto etti. \u0130stanbul \u0130l Milli E\u011fitim M\u00fcd\u00fcrl\u00fc\u011f\u00fc \u00f6n\u00fcnde karnelerini y\u0131rtan 2 lise \u00f6\u011frencisi g\u00f6zalt\u0131na al\u0131nd\u0131.2025-2026 e\u011fitim-\u00f6\u011fretim y\u0131l\u0131n\u0131n birinci d\u00f6nemi sona ererken liseliler karne g\u00fcn\u00fcnde AKP ve MEB\u2019i protesto etti. \u0130stanbul \u0130l Milli E\u011fitim M\u00fcd\u00fcrl\u00fc\u011f\u00fc \u00f6n\u00fcnde karnelerini y\u0131rtan 2 lise \u00f6\u011frencisi g\u00f6zalt\u0131na al\u0131nd\u0131.\u00a0Read [&hellip;]<\/p>\n","protected":false},"author":1,"featured_media":17612,"comment_status":"open","ping_status":"open","sticky":false,"template":"","format":"standard","meta":{"footnotes":"","_links_to":"","_links_to_target":""},"categories":[1],"tags":[],"class_list":["post-17611","post","type-post","status-publish","format-standard","has-post-thumbnail","hentry","category-haberler"],"_links":{"self":[{"href":"https:\/\/www.abchukuk.com\/index.php\/wp-json\/wp\/v2\/posts\/17611","targetHints":{"allow":["GET"]}}],"collection":[{"href":"https:\/\/www.abchukuk.com\/index.php\/wp-json\/wp\/v2\/posts"}],"about":[{"href":"https:\/\/www.abchukuk.com\/index.php\/wp-json\/wp\/v2\/types\/post"}],"author":[{"embeddable":true,"href":"https:\/\/www.abchukuk.com\/index.php\/wp-json\/wp\/v2\/users\/1"}],"replies":[{"embeddable":true,"href":"https:\/\/www.abchukuk.com\/index.php\/wp-json\/wp\/v2\/comments?post=17611"}],"version-history":[{"count":0,"href":"https:\/\/www.abchukuk.com\/index.php\/wp-json\/wp\/v2\/posts\/17611\/revisions"}],"wp:featuredmedia":[{"embeddable":true,"href":"https:\/\/www.abchukuk.com\/index.php\/wp-json\/wp\/v2\/media\/17612"}],"wp:attachment":[{"href":"https:\/\/www.abchukuk.com\/index.php\/wp-json\/wp\/v2\/media?parent=17611"}],"wp:term":[{"taxonomy":"category","embeddable":true,"href":"https:\/\/www.abchukuk.com\/index.php\/wp-json\/wp\/v2\/categories?post=17611"},{"taxonomy":"post_tag","embeddable":true,"href":"https:\/\/www.abchukuk.com\/index.php\/wp-json\/wp\/v2\/tags?post=17611"}],"curies":[{"name":"wp","href":"https:\/\/api.w.org\/{rel}","templated":true}]}}