{"id":17609,"date":"2026-01-16T18:48:00","date_gmt":"2026-01-16T18:48:00","guid":{"rendered":"https:\/\/www.abchukuk.com\/index.php\/2026\/01\/16\/son-dakika-eski-futbolcu-umit-karan-dahil-13-isme-tutuklama-karari\/"},"modified":"2026-01-16T18:48:00","modified_gmt":"2026-01-16T18:48:00","slug":"son-dakika-eski-futbolcu-umit-karan-dahil-13-isme-tutuklama-karari","status":"publish","type":"post","link":"https:\/\/www.abchukuk.com\/index.php\/2026\/01\/16\/son-dakika-eski-futbolcu-umit-karan-dahil-13-isme-tutuklama-karari\/","title":{"rendered":"Son dakika&#8230; Eski futbolcu \u00dcmit Karan dahil 13 isme tutuklama karar\u0131!"},"content":{"rendered":"<p>\u0130stanbul Cumhuriyet Ba\u015fsavc\u0131l\u0131\u011f\u0131nca y\u00fcr\u00fct\u00fclen uyu\u015fturucu soru\u015fturmas\u0131 kapsam\u0131nda g\u00f6zalt\u0131na al\u0131nan 23 ki\u015finin sorgusu tamamland\u0131. 13 ki\u015fi hakk\u0131nda tutuklama karar\u0131 verildi, tutuklananlar aras\u0131nda eski milli futbolcu \u00dcmit Karan da yer ald\u0131.\u0130stanbul Cumhuriyet Ba\u015fsavc\u0131l\u0131\u011f\u0131nca y\u00fcr\u00fct\u00fclen uyu\u015fturucu soru\u015fturmas\u0131 kapsam\u0131nda g\u00f6zalt\u0131na al\u0131nan 23 ki\u015finin sorgusu tamamland\u0131. 13 ki\u015fi hakk\u0131nda tutuklama karar\u0131 verildi, tutuklananlar aras\u0131nda eski milli futbolcu \u00dcmit Karan da yer ald\u0131.\u00a0<a href=\"https:\/\/www.cumhuriyet.com.tr\/turkiye\/son-dakika-eski-futbolcu-umit-karan-tutuklandi-2470655\" target=\"_blank\" class=\"feedzy-rss-link-icon\">Read More<\/a><\/p>","protected":false},"excerpt":{"rendered":"<p>\u0130stanbul Cumhuriyet Ba\u015fsavc\u0131l\u0131\u011f\u0131nca y\u00fcr\u00fct\u00fclen uyu\u015fturucu soru\u015fturmas\u0131 kapsam\u0131nda g\u00f6zalt\u0131na al\u0131nan 23 ki\u015finin sorgusu tamamland\u0131. 13 ki\u015fi hakk\u0131nda tutuklama karar\u0131 verildi, tutuklananlar aras\u0131nda eski milli futbolcu \u00dcmit Karan da yer ald\u0131.\u0130stanbul Cumhuriyet Ba\u015fsavc\u0131l\u0131\u011f\u0131nca y\u00fcr\u00fct\u00fclen uyu\u015fturucu soru\u015fturmas\u0131 kapsam\u0131nda g\u00f6zalt\u0131na al\u0131nan 23 ki\u015finin sorgusu tamamland\u0131. 13 ki\u015fi hakk\u0131nda tutuklama karar\u0131 verildi, tutuklananlar aras\u0131nda eski milli futbolcu \u00dcmit Karan da [&hellip;]<\/p>\n","protected":false},"author":1,"featured_media":17610,"comment_status":"open","ping_status":"open","sticky":false,"template":"","format":"standard","meta":{"footnotes":"","_links_to":"","_links_to_target":""},"categories":[1],"tags":[],"class_list":["post-17609","post","type-post","status-publish","format-standard","has-post-thumbnail","hentry","category-haberler"],"_links":{"self":[{"href":"https:\/\/www.abchukuk.com\/index.php\/wp-json\/wp\/v2\/posts\/17609","targetHints":{"allow":["GET"]}}],"collection":[{"href":"https:\/\/www.abchukuk.com\/index.php\/wp-json\/wp\/v2\/posts"}],"about":[{"href":"https:\/\/www.abchukuk.com\/index.php\/wp-json\/wp\/v2\/types\/post"}],"author":[{"embeddable":true,"href":"https:\/\/www.abchukuk.com\/index.php\/wp-json\/wp\/v2\/users\/1"}],"replies":[{"embeddable":true,"href":"https:\/\/www.abchukuk.com\/index.php\/wp-json\/wp\/v2\/comments?post=17609"}],"version-history":[{"count":0,"href":"https:\/\/www.abchukuk.com\/index.php\/wp-json\/wp\/v2\/posts\/17609\/revisions"}],"wp:featuredmedia":[{"embeddable":true,"href":"https:\/\/www.abchukuk.com\/index.php\/wp-json\/wp\/v2\/media\/17610"}],"wp:attachment":[{"href":"https:\/\/www.abchukuk.com\/index.php\/wp-json\/wp\/v2\/media?parent=17609"}],"wp:term":[{"taxonomy":"category","embeddable":true,"href":"https:\/\/www.abchukuk.com\/index.php\/wp-json\/wp\/v2\/categories?post=17609"},{"taxonomy":"post_tag","embeddable":true,"href":"https:\/\/www.abchukuk.com\/index.php\/wp-json\/wp\/v2\/tags?post=17609"}],"curies":[{"name":"wp","href":"https:\/\/api.w.org\/{rel}","templated":true}]}}