{"id":17605,"date":"2026-01-16T19:50:00","date_gmt":"2026-01-16T19:50:00","guid":{"rendered":"https:\/\/www.abchukuk.com\/index.php\/2026\/01\/16\/suriye-ordusu-deyr-hafire-operasyon-baslatti-abdden-arabuluculuk-girisimi\/"},"modified":"2026-01-16T19:50:00","modified_gmt":"2026-01-16T19:50:00","slug":"suriye-ordusu-deyr-hafire-operasyon-baslatti-abdden-arabuluculuk-girisimi","status":"publish","type":"post","link":"https:\/\/www.abchukuk.com\/index.php\/2026\/01\/16\/suriye-ordusu-deyr-hafire-operasyon-baslatti-abdden-arabuluculuk-girisimi\/","title":{"rendered":"Suriye ordusu Deyr Hafir&#8217;e operasyon ba\u015flatt\u0131, ABD&#8217;den arabuluculuk giri\u015fimi"},"content":{"rendered":"<p>ABD y\u00f6netimi, Suriye ordusuyla, Suriye Demokratik G\u00fc\u00e7leri (SDG) aras\u0131nda F\u0131rat&#8217;\u0131n bat\u0131s\u0131nda ya\u015fanan gerilimi azaltmak i\u00e7in devreye girdi. \u015eam y\u00f6netiminin &#8220;kapal\u0131 askeri b\u00f6lge&#8221; ilan etti\u011fi F\u0131rat&#8217;\u0131n bat\u0131s\u0131ndan sivillerin tahliyesi i\u00e7in a\u00e7t\u0131\u011f\u0131 insani koridor 16 Ocak ak\u015fam\u0131na kadard\u0131.ABD y\u00f6netimi, Suriye ordusuyla, Suriye Demokratik G\u00fc\u00e7leri (SDG) aras\u0131nda F\u0131rat&#8217;\u0131n bat\u0131s\u0131nda ya\u015fanan gerilimi azaltmak i\u00e7in devreye girdi. \u015eam y\u00f6netiminin &#8220;kapal\u0131 askeri b\u00f6lge&#8221; ilan etti\u011fi F\u0131rat&#8217;\u0131n bat\u0131s\u0131ndan sivillerin tahliyesi i\u00e7in a\u00e7t\u0131\u011f\u0131 insani koridor 16 Ocak ak\u015fam\u0131na kadard\u0131.\u00a0<a href=\"https:\/\/www.bbc.com\/turkce\/articles\/clymv3d2400o?at_medium=RSS&amp;at_campaign=rss\" target=\"_blank\" class=\"feedzy-rss-link-icon\">Read More<\/a><\/p>","protected":false},"excerpt":{"rendered":"<p>ABD y\u00f6netimi, Suriye ordusuyla, Suriye Demokratik G\u00fc\u00e7leri (SDG) aras\u0131nda F\u0131rat&#8217;\u0131n bat\u0131s\u0131nda ya\u015fanan gerilimi azaltmak i\u00e7in devreye girdi. \u015eam y\u00f6netiminin &#8220;kapal\u0131 askeri b\u00f6lge&#8221; ilan etti\u011fi F\u0131rat&#8217;\u0131n bat\u0131s\u0131ndan sivillerin tahliyesi i\u00e7in a\u00e7t\u0131\u011f\u0131 insani koridor 16 Ocak ak\u015fam\u0131na kadard\u0131.ABD y\u00f6netimi, Suriye ordusuyla, Suriye Demokratik G\u00fc\u00e7leri (SDG) aras\u0131nda F\u0131rat&#8217;\u0131n bat\u0131s\u0131nda ya\u015fanan gerilimi azaltmak i\u00e7in devreye girdi. \u015eam y\u00f6netiminin &#8220;kapal\u0131 [&hellip;]<\/p>\n","protected":false},"author":1,"featured_media":17606,"comment_status":"open","ping_status":"open","sticky":false,"template":"","format":"standard","meta":{"footnotes":"","_links_to":"","_links_to_target":""},"categories":[1],"tags":[],"class_list":["post-17605","post","type-post","status-publish","format-standard","has-post-thumbnail","hentry","category-haberler"],"_links":{"self":[{"href":"https:\/\/www.abchukuk.com\/index.php\/wp-json\/wp\/v2\/posts\/17605","targetHints":{"allow":["GET"]}}],"collection":[{"href":"https:\/\/www.abchukuk.com\/index.php\/wp-json\/wp\/v2\/posts"}],"about":[{"href":"https:\/\/www.abchukuk.com\/index.php\/wp-json\/wp\/v2\/types\/post"}],"author":[{"embeddable":true,"href":"https:\/\/www.abchukuk.com\/index.php\/wp-json\/wp\/v2\/users\/1"}],"replies":[{"embeddable":true,"href":"https:\/\/www.abchukuk.com\/index.php\/wp-json\/wp\/v2\/comments?post=17605"}],"version-history":[{"count":0,"href":"https:\/\/www.abchukuk.com\/index.php\/wp-json\/wp\/v2\/posts\/17605\/revisions"}],"wp:featuredmedia":[{"embeddable":true,"href":"https:\/\/www.abchukuk.com\/index.php\/wp-json\/wp\/v2\/media\/17606"}],"wp:attachment":[{"href":"https:\/\/www.abchukuk.com\/index.php\/wp-json\/wp\/v2\/media?parent=17605"}],"wp:term":[{"taxonomy":"category","embeddable":true,"href":"https:\/\/www.abchukuk.com\/index.php\/wp-json\/wp\/v2\/categories?post=17605"},{"taxonomy":"post_tag","embeddable":true,"href":"https:\/\/www.abchukuk.com\/index.php\/wp-json\/wp\/v2\/tags?post=17605"}],"curies":[{"name":"wp","href":"https:\/\/api.w.org\/{rel}","templated":true}]}}