{"id":17603,"date":"2026-01-16T16:03:00","date_gmt":"2026-01-16T16:03:00","guid":{"rendered":"https:\/\/www.abchukuk.com\/index.php\/2026\/01\/16\/gozaltindaki-umit-karan-hakkinda-sicak-gelisme\/"},"modified":"2026-01-16T16:03:00","modified_gmt":"2026-01-16T16:03:00","slug":"gozaltindaki-umit-karan-hakkinda-sicak-gelisme","status":"publish","type":"post","link":"https:\/\/www.abchukuk.com\/index.php\/2026\/01\/16\/gozaltindaki-umit-karan-hakkinda-sicak-gelisme\/","title":{"rendered":"G\u00f6zalt\u0131ndaki \u00dcmit Karan Hakk\u0131nda S\u0131cak Geli\u015fme!"},"content":{"rendered":"<p><a href=\"https:\/\/www.gercekgundem.com\/guncel\/gozaltindaki-umit-karan-hakkinda-sicak-gelisme-565248\"><br \/>\n                                                            <img decoding=\"async\" src=\"https:\/\/i.gercekgundem.com\/2\/150\/84\/storage\/files\/images\/2026\/01\/14\/umit-karan-gozaltina-alindi-o66t.jpg\" width=\"150\" height=\"84\" border=\"0\" align=\"right\" \/><br \/>\n                                                    <\/a><\/p>\n<h4>Eski futbolcu \u00dcmit Karan tutuklama talebiyle mahkemeye sevk edildi.<\/h4>\n<p>Eski futbolcu \u00dcmit Karan tutuklama talebiyle mahkemeye sevk edildi.\u00a0<a href=\"https:\/\/www.gercekgundem.com\/guncel\/gozaltindaki-umit-karan-hakkinda-sicak-gelisme-565248\" target=\"_blank\" class=\"feedzy-rss-link-icon\">Read More<\/a><\/p>","protected":false},"excerpt":{"rendered":"<p>Eski futbolcu \u00dcmit Karan tutuklama talebiyle mahkemeye sevk edildi. Eski futbolcu \u00dcmit Karan tutuklama talebiyle mahkemeye sevk edildi.\u00a0Read More<\/p>\n","protected":false},"author":1,"featured_media":17604,"comment_status":"open","ping_status":"open","sticky":false,"template":"","format":"standard","meta":{"footnotes":"","_links_to":"","_links_to_target":""},"categories":[1],"tags":[],"class_list":["post-17603","post","type-post","status-publish","format-standard","has-post-thumbnail","hentry","category-haberler"],"_links":{"self":[{"href":"https:\/\/www.abchukuk.com\/index.php\/wp-json\/wp\/v2\/posts\/17603","targetHints":{"allow":["GET"]}}],"collection":[{"href":"https:\/\/www.abchukuk.com\/index.php\/wp-json\/wp\/v2\/posts"}],"about":[{"href":"https:\/\/www.abchukuk.com\/index.php\/wp-json\/wp\/v2\/types\/post"}],"author":[{"embeddable":true,"href":"https:\/\/www.abchukuk.com\/index.php\/wp-json\/wp\/v2\/users\/1"}],"replies":[{"embeddable":true,"href":"https:\/\/www.abchukuk.com\/index.php\/wp-json\/wp\/v2\/comments?post=17603"}],"version-history":[{"count":0,"href":"https:\/\/www.abchukuk.com\/index.php\/wp-json\/wp\/v2\/posts\/17603\/revisions"}],"wp:featuredmedia":[{"embeddable":true,"href":"https:\/\/www.abchukuk.com\/index.php\/wp-json\/wp\/v2\/media\/17604"}],"wp:attachment":[{"href":"https:\/\/www.abchukuk.com\/index.php\/wp-json\/wp\/v2\/media?parent=17603"}],"wp:term":[{"taxonomy":"category","embeddable":true,"href":"https:\/\/www.abchukuk.com\/index.php\/wp-json\/wp\/v2\/categories?post=17603"},{"taxonomy":"post_tag","embeddable":true,"href":"https:\/\/www.abchukuk.com\/index.php\/wp-json\/wp\/v2\/tags?post=17603"}],"curies":[{"name":"wp","href":"https:\/\/api.w.org\/{rel}","templated":true}]}}